{"id":4425,"date":"2018-03-14T17:58:49","date_gmt":"2018-03-14T15:58:49","guid":{"rendered":"https:\/\/centers.ulbsibiu.ro\/ccsprise\/lact\/?p=4425"},"modified":"2018-03-14T17:58:49","modified_gmt":"2018-03-14T15:58:49","slug":"gov-md-intrevederea-viceprim-ministrului-cristina-lesnic-cu-reprezentantul-special-al-ucrainei-in-procesul-de-negocieri-pentru-reglementarea-transnistreana-viktor-krijanovski","status":"publish","type":"post","link":"https:\/\/centers.ulbsibiu.ro\/ccsprise\/lact\/gov-md-intrevederea-viceprim-ministrului-cristina-lesnic-cu-reprezentantul-special-al-ucrainei-in-procesul-de-negocieri-pentru-reglementarea-transnistreana-viktor-krijanovski\/","title":{"rendered":"Gov.md &#8211; \u00centrevederea Viceprim-ministrului Cristina Lesnic cu Reprezentantul Special al Ucrainei \u00een procesul de negocieri pentru reglementarea transnistrean\u0103 Viktor Krijanovski"},"content":{"rendered":"<p>Ast\u0103zi, 14 martie curent, Viceprim-ministrul Cristina Lesnic a avut o \u00eentrevedere cu Reprezentantul Special al Ucrainei \u00een procesul de negocieri pentru reglementarea transnistrean\u0103 Viktor Krijanovski. La eveniment a fost prezent \u0219i Ambasadorul Ucrainei \u00een Republica Moldova Ivan Gnat\u00e2\u0219in.<\/p>\n<p>\u00cen cadrul \u00eentrevederii au fost abordate ultimele evolu\u021bii \u00een procesul de negocieri pentru reglementarea transnistrean\u0103, progresele \u00eenregistrate \u00een activitatea grupurilor de lucru sectoriale, nivelul de implementare a \u00een\u021belegerilor anterior convenite \u00een negocieri, precum \u0219i posibilit\u0103\u021bile de impulsionare a dialogului \u00een vederea cre\u0103rii terenului favorabil pentru organizarea \u00een perioada apropiat\u0103 a unei noi reuniuni a Conferin\u021bei permanente pe probleme politice \u00een procesul de reglementare transnistrean\u0103 (formatul de negocieri \u201c5+2\u201d).<\/p>\n<p>De asemenea, s-a efectuat un schimb de opinii pe marginea altor subiecte de interes comun, fiind reiterat\u0103 deplina deschidere a Ucrainei pentru sprijinirea procesului de reglementare \u0219i pentru sus\u021binerea suveranit\u0103\u021bii \u0219i integrit\u0103\u021bii teritoriale a statului unitar \u0219i indivizibil Republica Moldova.<\/p>\n<p>Sursa:\u00a0<a href=\"http:\/\/gov.md\/ro\/content\/intrevederea-viceprim-ministrului-cristina-lesnic-cu-reprezentantul-special-al-ucrainei-0\">http:\/\/gov.md\/<\/a><\/p>\n","protected":false},"excerpt":{"rendered":"<p>Ast\u0103zi, 14 martie curent, Viceprim-ministrul Cristina Lesnic a avut o \u00eentrevedere cu Reprezentantul Special al Ucrainei \u00een procesul de negocieri pentru reglementarea transnistrean\u0103 Viktor Krijanovski. La eveniment a fost prezent \u0219i Ambasadorul Ucrainei \u00een Republica Moldova Ivan Gnat\u00e2\u0219in. \u00cen cadrul \u00eentrevederii au fost abordate ultimele evolu\u021bii \u00een procesul de negocieri pentru reglementarea transnistrean\u0103, progresele \u00eenregistrate&#8230;<\/p>\n","protected":false},"author":2,"featured_media":0,"comment_status":"closed","ping_status":"open","sticky":false,"template":"","format":"standard","meta":[],"categories":[1],"tags":[],"_links":{"self":[{"href":"https:\/\/centers.ulbsibiu.ro\/ccsprise\/lact\/wp-json\/wp\/v2\/posts\/4425"}],"collection":[{"href":"https:\/\/centers.ulbsibiu.ro\/ccsprise\/lact\/wp-json\/wp\/v2\/posts"}],"about":[{"href":"https:\/\/centers.ulbsibiu.ro\/ccsprise\/lact\/wp-json\/wp\/v2\/types\/post"}],"author":[{"embeddable":true,"href":"https:\/\/centers.ulbsibiu.ro\/ccsprise\/lact\/wp-json\/wp\/v2\/users\/2"}],"replies":[{"embeddable":true,"href":"https:\/\/centers.ulbsibiu.ro\/ccsprise\/lact\/wp-json\/wp\/v2\/comments?post=4425"}],"version-history":[{"count":1,"href":"https:\/\/centers.ulbsibiu.ro\/ccsprise\/lact\/wp-json\/wp\/v2\/posts\/4425\/revisions"}],"predecessor-version":[{"id":4426,"href":"https:\/\/centers.ulbsibiu.ro\/ccsprise\/lact\/wp-json\/wp\/v2\/posts\/4425\/revisions\/4426"}],"wp:attachment":[{"href":"https:\/\/centers.ulbsibiu.ro\/ccsprise\/lact\/wp-json\/wp\/v2\/media?parent=4425"}],"wp:term":[{"taxonomy":"category","embeddable":true,"href":"https:\/\/centers.ulbsibiu.ro\/ccsprise\/lact\/wp-json\/wp\/v2\/categories?post=4425"},{"taxonomy":"post_tag","embeddable":true,"href":"https:\/\/centers.ulbsibiu.ro\/ccsprise\/lact\/wp-json\/wp\/v2\/tags?post=4425"}],"curies":[{"name":"wp","href":"https:\/\/api.w.org\/{rel}","templated":true}]}}