{"id":4417,"date":"2018-03-12T19:05:34","date_gmt":"2018-03-12T17:05:34","guid":{"rendered":"https:\/\/centers.ulbsibiu.ro\/ccsprise\/lact\/?p=4417"},"modified":"2020-06-12T18:33:16","modified_gmt":"2020-06-12T16:33:16","slug":"europalibera-org-v-socor-guvernul-r-moldova-ar-trebui-sa-fie-politicos-fata-de-dl-frattini-dar-sa-nu-accepte-niciuna-din-recomandarile-sale","status":"publish","type":"post","link":"https:\/\/centers.ulbsibiu.ro\/ccsprise\/lact\/europalibera-org-v-socor-guvernul-r-moldova-ar-trebui-sa-fie-politicos-fata-de-dl-frattini-dar-sa-nu-accepte-niciuna-din-recomandarile-sale\/","title":{"rendered":"Europalibera.org &#8211; V.Socor: \u201eGuvernul R. Moldova ar trebui s\u0103 fie politicos fa\u021b\u0103 de dl Frattini, dar s\u0103 nu accepte niciuna din recomand\u0103rile sale\u201d"},"content":{"rendered":"<p><a title=\"Valentina Ursu\" href=\"https:\/\/www.europalibera.org\/author\/20537.html\">Valentina Ursu<\/a><\/p>\n<div class=\"intro content-offset\">\n<p>De ce nu se poate ob\u021bine retragerea trupelor ruse\u0219ti sta\u021bionate ilegal \u00een R. Moldova?<\/p>\n<\/div>\n<div>\n<div class=\"wsw\">\n<p><em>\u201eNimeni nu-<\/em><em>\u0219<\/em><em>i propune s\u0103 reglementeze conflictul dintre Rusia <\/em><em>\u0219<\/em><em>i Republica Moldova, conflict numit \u00een mod incorect \u201econflictul transnistrean\u201d. Nimeni nu-<\/em><em>\u0219<\/em><em>i propune s\u0103 formuleze un statut special al Transnistriei sau, cu at\u00e2t mai pu<\/em><em>\u021b<\/em><em>in, s\u0103 ob<\/em><em>\u021b<\/em><em>in\u0103 retragerea trupelor ruse<\/em><em>\u0219<\/em><em>ti sta<\/em><em>\u021b<\/em><em>ionate ilegal \u00een Republica Moldova \u00een viitorul apropiat\u201d, a declarat Europei Libere analistul politic de la Jamestown Foundation Vladimir Socor, \u00eentr-un interviu realizat de Valentina Ursu.<\/em><\/p>\n<p><strong>Europa Liber\u0103: <a class=\"wsw__a\" href=\"https:\/\/www.europalibera.org\/a\/franco-frattini-interviu-reglementarea-trasnistreana\/29089171.html\" target=\"_blank\" rel=\"noopener noreferrer\">\u00centr-un interviu pentru radio <em>Europa Liber\u0103<\/em>,<\/a> [<\/strong><strong>reprezentantul special al pre\u015fedin\u0163iei italiene a OSCE\u200b]<\/strong> <strong>dl Frattini a spus c\u0103 ar exista o diferen\u021b<\/strong><strong>\u0103 \u00eentre for<\/strong><strong>\u021b<\/strong><strong>ele de men<\/strong><strong>\u021b<\/strong><strong>inere a p\u0103cii <\/strong><strong>\u0219<\/strong><strong>i \u00eentre trupele ruse GOTR.<\/strong><\/p>\n<p><strong>Vladimir Socor:<\/strong> \u201eDa. Aceasta a spus avocatul intereselor ruse\u0219ti, dl Frattini, inclusiv \u00een interviul la <em>Europa Liber\u0103<\/em>, dar nu numai. Este, bine\u00een\u021beles, o afirma\u021bie complet gre\u0219it\u0103. Eu nu cred c\u0103 dl Frattini dore\u0219te s\u0103 ne \u00een\u0219ele cu bun\u0103 \u0219tiin\u021b\u0103. Eu cred c\u0103 pe d\u00e2nsul \u00eel \u00een\u0219al\u0103 propria sa memorie sau, probabil, propria sa preg\u0103tire elementar\u0103 ca diplomat. Conform rezolu\u021biei OSCE de la summitul de la Istanbul din 1999, la care se refer\u0103 \u00een mod explicit dl Frattini, Rusia are obliga\u021bia s\u0103-\u0219i retrag\u0103 for\u021bele din Republica Moldova. Mai mult dec\u00e2t at\u00e2t, nu se formuleaz\u0103 nici un fel de condi\u021bie pentru retragere. Este vorba despre o retragere necondi\u021bionat\u0103 \u0219i complet\u0103! Deci, disocierea care se face \u00eentre un anumit fel de trupe ruse\u0219ti \u0219i alt fel de trupe ruse\u0219ti, cele de pacificare, repet: este fals\u0103. Anume documentul de la Istanbul la care se refer\u0103 dl Frattini \u0219i al\u021bii nu face aceast\u0103 distinc\u021bie \u2013 e vorba despre retragerea for\u021belor. Punct. \u0218i mai mult dec\u00e2t at\u00e2t, nu se pun nici un fel de condi\u021bii. Disocierea fals\u0103 \u00eentre trupe ruse\u0219ti de pacificare \u0219i trupe ruse\u0219ti care nu sunt de pacificare a ap\u0103rut abia prin anul 2005-2006 \u00een cadrul OSCE, introdus\u0103 mai ales de c\u0103tre diploma\u021bia german\u0103 \u00een vremea ministeriatului dlui Steinmeier, un alt prieten al Rusiei. Atunci s-a acreditat la OSCE \u00een mod neoficial ideea c\u0103 for\u021bele de pacificare ruse\u0219ti sunt scutite de obliga\u021bia retragerii, pentru c\u0103 ar juca, chipurile, un rol constructiv. OSCE este o organiza\u021bie incapabil\u0103 de a-\u0219i aplica propriile sale decizii sau rezolu\u021bii din cauza vetoului intern al Rusiei. Pentru a camufla, pentru a ascunde aceast\u0103 situa\u021bie real\u0103, se inventeaz\u0103 tot felul de teorii care n-au nimic de-a face cu rezolu\u021biile, de exemplu, cu rezolu\u021bia din 1999 de la Istanbul. Rezolu\u021bie, de altfel, neobligatorie, cu valoare politic\u0103, dar nu juridic\u0103 \u0219i pe care OSCE de mult a renun\u021bat s-o mai aplice din cauza opozi\u021biei Rusiei. Deci, avem de-a face cu o abordare lipsit\u0103 de onestitate, o abordare \u00een primul r\u00e2nd menit\u0103 s\u0103 ascund\u0103 sl\u0103biciunile interne ale OSCE-ului \u0219i neputin\u021ba acestei \u00een fa\u021ba dreptului de veto oficial al Rusiei.\u201d<\/p>\n<p><strong>Europa Liber\u0103: Eu \u00eel citez pe dl Frattini care a repetat c\u0103 \u201eOSCE este \u00een continuare preg\u0103tit\u0103 s\u0103 joace rolul de facilitare odat\u0103 ce acest proces [de retragere \u0219i distrugere a muni\u021biilor ruse\u0219ti, oprit \u00een 2004 &#8211; n.r.] este reluat\u201d. Cum ar putea OSCE s\u0103 sprijine, totu\u0219i, acest proces de evacuare a armatei ruse?<\/strong><\/p>\n<p><strong>Vladimir Socor:<\/strong> \u201eOSCE nu are niciun fel de mijloc politic sau de alt\u0103 natur\u0103 pentru a sprijini acest proces, dimpotriv\u0103, OSCE a renun\u021bat chiar la obliga\u021biile sale elementare pe care \u0219i le-a \u00eendeplinit un num\u0103r de ani de a monitoriza exerci\u021biile militare \u2013 ilegale, de altfel, \u2013 ale trupelor ruse\u0219ti pe teritoriul Republicii Moldova, \u00een Transnistria. Rusia execut\u0103 din ce \u00een ce mai multe exerci\u021bii militare. OSCE, acum zece ani \u0219i mai bine, le monitoriza, uneori se \u0219i pl\u00e2ngea c\u0103 aceste exerci\u021bii sunt ilegale sau sunt primejdioase. De ani de zile \u00eencoace, OSCE \u00eenchide ochii.\u201d<\/p>\n<p><strong>Europa Liber\u0103: \u00cen alt\u0103 ordine de idei, dl Frattini exclude faptul c\u0103 reglementarea ar putea fi \u00een dezavantajul Republicii Moldova, fie c\u0103 procesul este rapid, fie c\u0103 este unul gradual\u2026<\/strong><\/p>\n<p><strong>Vladimir Socor:<\/strong> \u201eS\u0103 facem deosebirea clar\u0103 \u00eentre no\u021biunea de <em>reglementare<\/em>, pe de o parte, \u0219i negocierile care au loc \u00een prezent, pe de alt\u0103 parte. Negocierile care au loc \u00een prezent nu sunt menite s\u0103 duc\u0103 la reglementarea acestui conflict, nimeni nu pretinde a\u0219a ceva; se pretinde, \u00een mod oficial, cu totul altceva \u2013 parcursul unor a\u0219a-numi\u021bi \u201epa\u0219i mici\u201d care, chipurile, s\u0103 consolideze \u00eencrederea \u00eentre cele dou\u0103 maluri ale Nistrului \u0219i care \u00een decursul unui timp nedefinit, care va dura mai mul\u021bi ani, vor crea ni\u0219te precondi\u021bii pentru ca abia atunci s\u0103 se \u00eenceap\u0103 a trece la reglementare. Deci, negocierile de acum nu sunt pentru reglementare, sunt, chipurile, pentru crearea unor precondi\u021bii de \u00eencredere \u00een vederea unei eventuale reglement\u0103ri viitoare, dar negocierile care au loc acum, a\u0219a-zi\u0219ii \u201epa\u0219i mici\u201d, \u00een realitate sunt meni\u021bi s\u0103 creeze primele elemente de suveranizare a Transnistriei, a\u0219a \u00eenc\u00e2t atunci c\u00e2nd se va ajunge \u00een cele din urm\u0103, la un moment dat, la formularea unui statut special al Transnistriei elementele acestuia s\u0103 existe deja \u00een mod neoficial, f\u0103r\u0103 s\u0103 fi fost negociate politic, dar ca rezultat al a\u0219a-zi\u0219ilor \u201epa\u0219i mici\u201d c\u0103tre suveranizarea Transnistriei cre\u00e2ndu-se fapte \u00eemplinite. Dl Frattini spune c\u0103 nu va fi \u00een detrimentul Republicii Moldova, deoarece negocierile se bazeaz\u0103 pe suveranitatea \u0219i integritatea teritorial\u0103 a Republicii Moldova. Aceast\u0103 logic\u0103 aminte\u0219te de logica ruseasc\u0103, \u00een care cuv\u00e2ntul-cheie este \u201e<em>\u043e\u0434\u043d\u0430\u043a\u043e\u201d<\/em> (totu\u0219i). Da, noi o s\u0103 respect\u0103m suveranitatea \u0219i integritatea teritorial\u0103 a Republicii Moldova, dar \u00een acela\u0219i timp noi accept\u0103m Transnistria, care \u00eempiedic\u0103 Moldova s\u0103-\u0219i exercite suveranitatea \u0219i integritatea teritorial\u0103, pe care noi spunem c\u0103 o recunoa\u0219tem. \u201e<em>\u041e\u0434\u043d\u0430\u043a\u043e\u201d,<\/em> da, recunoa\u0219tem, \u201e<em>\u043e\u0434\u043d\u0430\u043a\u043e<\/em>\u201d (totu\u0219i), sus\u021binem egalitatea \u00een drepturi a Tiraspolului cu Chi\u0219in\u0103ul, ceea ce \u00eempiedic\u0103 Republica Moldova s\u0103 exercite suveranitatea pe care noi spunem c\u0103 o recunoa\u0219tem. Dl Frattini spune \u2013 \u0219i asta este logia OSCE-ului de fapt \u2013 orice statut special trebuie s\u0103 aib\u0103 consim\u021b\u0103m\u00e2ntul at\u00e2t al Chi\u0219in\u0103ului, c\u00e2t \u0219i al Tiraspolului, s\u0103 fie de comun acord. Deci, Tiraspolului, care nu are statut interna\u021bional, nu are suveranitate, i se acord\u0103 dreptul de a nega suveranitatea Republicii Moldova prin negocieri c\u0103tre un statut pe baz\u0103 de egalitate. Logica \u201e<em>\u043e\u0434\u043d\u0430\u043a\u043e\u201d<\/em> a Rusiei a fost \u00eemprumutat\u0103 \u0219i adoptat\u0103 de OSCE.\u201d<\/p>\n<p>Interviul \u00een \u00eentregime:\u00a0<a href=\"https:\/\/www.europalibera.org\/a\/interviu-cu-vladimir-socor-valentina-ursu\/29091565.html\">https:\/\/www.europalibera.org\/<\/a><\/p>\n<\/div>\n<\/div>\n","protected":false},"excerpt":{"rendered":"<p>Valentina Ursu De ce nu se poate ob\u021bine retragerea trupelor ruse\u0219ti sta\u021bionate ilegal \u00een R. Moldova? \u201eNimeni nu-\u0219i propune s\u0103 reglementeze conflictul dintre Rusia \u0219i Republica Moldova, conflict numit \u00een mod incorect \u201econflictul transnistrean\u201d. Nimeni nu-\u0219i propune s\u0103 formuleze un statut special al Transnistriei sau, cu at\u00e2t mai pu\u021bin, s\u0103 ob\u021bin\u0103 retragerea trupelor ruse\u0219ti sta\u021bionate&#8230;<\/p>\n","protected":false},"author":2,"featured_media":0,"comment_status":"closed","ping_status":"open","sticky":false,"template":"","format":"standard","meta":[],"categories":[1],"tags":[],"_links":{"self":[{"href":"https:\/\/centers.ulbsibiu.ro\/ccsprise\/lact\/wp-json\/wp\/v2\/posts\/4417"}],"collection":[{"href":"https:\/\/centers.ulbsibiu.ro\/ccsprise\/lact\/wp-json\/wp\/v2\/posts"}],"about":[{"href":"https:\/\/centers.ulbsibiu.ro\/ccsprise\/lact\/wp-json\/wp\/v2\/types\/post"}],"author":[{"embeddable":true,"href":"https:\/\/centers.ulbsibiu.ro\/ccsprise\/lact\/wp-json\/wp\/v2\/users\/2"}],"replies":[{"embeddable":true,"href":"https:\/\/centers.ulbsibiu.ro\/ccsprise\/lact\/wp-json\/wp\/v2\/comments?post=4417"}],"version-history":[{"count":2,"href":"https:\/\/centers.ulbsibiu.ro\/ccsprise\/lact\/wp-json\/wp\/v2\/posts\/4417\/revisions"}],"predecessor-version":[{"id":8124,"href":"https:\/\/centers.ulbsibiu.ro\/ccsprise\/lact\/wp-json\/wp\/v2\/posts\/4417\/revisions\/8124"}],"wp:attachment":[{"href":"https:\/\/centers.ulbsibiu.ro\/ccsprise\/lact\/wp-json\/wp\/v2\/media?parent=4417"}],"wp:term":[{"taxonomy":"category","embeddable":true,"href":"https:\/\/centers.ulbsibiu.ro\/ccsprise\/lact\/wp-json\/wp\/v2\/categories?post=4417"},{"taxonomy":"post_tag","embeddable":true,"href":"https:\/\/centers.ulbsibiu.ro\/ccsprise\/lact\/wp-json\/wp\/v2\/tags?post=4417"}],"curies":[{"name":"wp","href":"https:\/\/api.w.org\/{rel}","templated":true}]}}