{"id":4414,"date":"2018-03-12T18:59:04","date_gmt":"2018-03-12T16:59:04","guid":{"rendered":"https:\/\/centers.ulbsibiu.ro\/ccsprise\/lact\/?p=4414"},"modified":"2018-03-12T19:00:17","modified_gmt":"2018-03-12T17:00:17","slug":"publika-md-traian-basescu-rusia-nu-mai-are-niciun-interes-strategic-legat-de-teritoriul-intre-prut-si-nistru","status":"publish","type":"post","link":"https:\/\/centers.ulbsibiu.ro\/ccsprise\/lact\/publika-md-traian-basescu-rusia-nu-mai-are-niciun-interes-strategic-legat-de-teritoriul-intre-prut-si-nistru\/","title":{"rendered":"Publika.md &#8211; Tr\u0103ian B\u0103sescu: Rusia nu mai are niciun interes strategic legat de teritoriul \u00eentre Prut \u0219i Nistru"},"content":{"rendered":"<nav id=\"site-navigation\" role=\"navigation\">\n<div>\n<h4>Rusia nu-\u015fi poate retrage trupele din regiunea transnistrean\u0103 pentru c\u0103&#8230; se opune popula\u0163ia din Transnistria. Este r\u0103spunsul primit de fostul pre\u015fedinte rom\u00e2n, Traian B\u0103sescu, din partea liderului de la Kremlin, Vladimir Putin.<\/h4>\n<\/div>\n<\/nav>\n<div id=\"main\">\n<div>\n<div>\n<div id=\"primary\">\n<div id=\"content\">\n<article id=\"post-\">\n<div>\n<div>\n<p>Traian B\u0103sescu a vorbit la un post de televiziune din Bucure\u015fti despre discu\u0163iile purtate de-a lungul timpului cu Putin.<\/p>\n<p>&#8220;Eu \u00eei spuneam: de ce nu \u00ee\u0163i iei materialul de r\u0103zboi al armatei a paisprezecea din Transnistria? \u015ei-mi spunea: \u015ftii, ai v\u0103zut c\u0103 nu vor rusofonii de acolo. Nu vor s\u0103 ne retragem. Rusofonii din Transnistria nu vor s\u0103 ne retragem.&#8221;<\/p>\n<p>De\u015fi nu a avut dec\u00e2t o \u00eent\u00e2lnire oficial\u0103 cu Vladimir Putin, B\u0103sescu a declarat c\u0103 la conferin\u0163ele sau summiturile interna\u0163ionale st\u0103tea l\u00e2ng\u0103 pre\u015fedintele rus. Asta deoarece protocolul aranjeaz\u0103 participan\u0163ii \u00een ordine alfabetic\u0103, iar Rusia era mereu l\u00e2ng\u0103 Rom\u00e2nia. B\u0103sescu a mai spus c\u0103 a discutat de multe ori cu Putin despre Transnistria \u015fi c\u0103 r\u0103spunsul liderului rus era de fiecare dat\u0103 acela\u015fi.<\/p>\n<\/div>\n<\/div>\n<\/article>\n<\/div>\n<\/div>\n<\/div>\n<\/div>\n<\/div>\n<p>Cite\u0219te mai mult: <a href=\"https:\/\/www.publika.md\/traian-basescu-rusia-nu-mai-are-niciun-interes-strategic-legat-de-teritoriul-intre-prut-si-nistru_2998642.html#ixzz59YSCqc2D\">https:\/\/www.publika.md\/traian-basescu-rusia-nu-mai-are-niciun-interes-strategic-legat-de-teritoriul-intre-prut-si-nistru_2998642.html#ixzz59YSCqc2D<\/a><\/p>\n","protected":false},"excerpt":{"rendered":"<p>Rusia nu-\u015fi poate retrage trupele din regiunea transnistrean\u0103 pentru c\u0103&#8230; se opune popula\u0163ia din Transnistria. Este r\u0103spunsul primit de fostul pre\u015fedinte rom\u00e2n, Traian B\u0103sescu, din partea liderului de la Kremlin, Vladimir Putin. Traian B\u0103sescu a vorbit la un post de televiziune din Bucure\u015fti despre discu\u0163iile purtate de-a lungul timpului cu Putin. &#8220;Eu \u00eei spuneam: de&#8230;<\/p>\n","protected":false},"author":2,"featured_media":0,"comment_status":"closed","ping_status":"open","sticky":false,"template":"","format":"standard","meta":[],"categories":[1],"tags":[],"_links":{"self":[{"href":"https:\/\/centers.ulbsibiu.ro\/ccsprise\/lact\/wp-json\/wp\/v2\/posts\/4414"}],"collection":[{"href":"https:\/\/centers.ulbsibiu.ro\/ccsprise\/lact\/wp-json\/wp\/v2\/posts"}],"about":[{"href":"https:\/\/centers.ulbsibiu.ro\/ccsprise\/lact\/wp-json\/wp\/v2\/types\/post"}],"author":[{"embeddable":true,"href":"https:\/\/centers.ulbsibiu.ro\/ccsprise\/lact\/wp-json\/wp\/v2\/users\/2"}],"replies":[{"embeddable":true,"href":"https:\/\/centers.ulbsibiu.ro\/ccsprise\/lact\/wp-json\/wp\/v2\/comments?post=4414"}],"version-history":[{"count":2,"href":"https:\/\/centers.ulbsibiu.ro\/ccsprise\/lact\/wp-json\/wp\/v2\/posts\/4414\/revisions"}],"predecessor-version":[{"id":4416,"href":"https:\/\/centers.ulbsibiu.ro\/ccsprise\/lact\/wp-json\/wp\/v2\/posts\/4414\/revisions\/4416"}],"wp:attachment":[{"href":"https:\/\/centers.ulbsibiu.ro\/ccsprise\/lact\/wp-json\/wp\/v2\/media?parent=4414"}],"wp:term":[{"taxonomy":"category","embeddable":true,"href":"https:\/\/centers.ulbsibiu.ro\/ccsprise\/lact\/wp-json\/wp\/v2\/categories?post=4414"},{"taxonomy":"post_tag","embeddable":true,"href":"https:\/\/centers.ulbsibiu.ro\/ccsprise\/lact\/wp-json\/wp\/v2\/tags?post=4414"}],"curies":[{"name":"wp","href":"https:\/\/api.w.org\/{rel}","templated":true}]}}