{"id":4412,"date":"2018-03-11T17:58:22","date_gmt":"2018-03-11T15:58:22","guid":{"rendered":"https:\/\/centers.ulbsibiu.ro\/ccsprise\/lact\/?p=4412"},"modified":"2020-06-12T15:40:39","modified_gmt":"2020-06-12T13:40:39","slug":"europalibera-org-ion-leahu-dle-franco-frattini-formatul-52-este-pentru-solutionarea-diferendului-transnistrean-si-nu-a-problemelor-sociale-din-transnistria","status":"publish","type":"post","link":"https:\/\/centers.ulbsibiu.ro\/ccsprise\/lact\/europalibera-org-ion-leahu-dle-franco-frattini-formatul-52-este-pentru-solutionarea-diferendului-transnistrean-si-nu-a-problemelor-sociale-din-transnistria\/","title":{"rendered":"Europalibera.org &#8211; Ion Leahu: Dle Franco Frattini, formatul 5+2 este pentru solu\u021bionarea diferendului transnistrean, \u0219i nu a problemelor sociale din Transnistria&#8230;"},"content":{"rendered":"<p><a title=\"Valentina Ursu\" href=\"https:\/\/www.europalibera.org\/author\/20537.html\">Valentina Ursu<\/a><\/p>\n<div class=\"intro content-offset\">\n<p>Interviu cu fostul membru al delega\u021biei moldovene \u00een Comisia Unificat\u0103 de Control, despre ultimele evolu\u021bii \u00een reglementarea transnistrean\u0103.<\/p>\n<\/div>\n<div>\n<div class=\"wsw\">\n<p><em>P\u00e2n\u0103 la finele lunii martie \u00een R.Moldova urmeaz\u0103 s\u0103 vin\u0103 reprezentantul special al pre\u0219edin\u021biei italiene a OSCE pentru solu\u021bionarea conflictului transnistrean, <a class=\"wsw__a\" href=\"https:\/\/www.europalibera.org\/a\/franco-frattini-interviu-reglementarea-trasnistreana\/29089171.html\" target=\"_blank\" rel=\"noopener noreferrer\">Franco Frattini<\/a>. \u00cen ajunul acestei vizite, \u00eentre Chi\u0219in\u0103u \u0219i Tiraspol au loc contacte intense pentru punerea \u00een practic\u0103 a unor <a class=\"wsw__a\" href=\"https:\/\/www.europalibera.org\/a\/moldova-osce-reglemmentarea-transnistreana\/29057397.html\" target=\"_blank\" rel=\"noopener noreferrer\">\u00een\u021belegeri protocolare<\/a> semnate anterior, \u00een\u021belegeri salutate de OSCE \u0219i ceilal\u021bi participan\u021bi la formatul interna\u021bional de negocieri (Rusia, Ucraina, UE \u0219i SUA), dar <a class=\"wsw__a\" target=\"_blank\" rel=\"noopener noreferrer\">criticate de exper\u021bi<\/a>, diploma\u021bi \u0219i ONG-uri reprezentative de la Chi\u0219in\u0103u pe motiv c\u0103 nu ar face dec\u00e2t s\u0103 recunoasc\u0103 elemente ale autoproclamatei statalit\u0103\u021bi transnistrene, f\u0103r\u0103 s\u0103 apropie \u00eens\u0103 solu\u021bionarea politic\u0103 a conflictului. <\/em><\/p>\n<p><strong>Europa Liber\u0103: Ce ar putea aduce anul 2018 \u00een reglementarea transnistrean\u0103? Ce evolu\u021bii anticipa\u021bi Dvs. c\u0103 ar putea s\u0103 aib\u0103 loc pe marginea acestui dosar transnistrean?<\/strong><\/p>\n<p><strong>Ion Leahu: <\/strong>\u201eEvident c\u0103 noi suntem obliga\u021bi s\u0103 separ\u0103m procesul integral \u00een dou\u0103 \u2013sfera intern\u0103, care \u021bine de procesele care au loc \u00een Transnistria \u00een zona de securitate \u0219i \u00een Republica Moldova \u0219i sfera extern\u0103, care, chipurile, este implicat\u0103 \u00een solu\u021bionarea acestei probleme.\u201d<\/p>\n<p><strong>Europa Liber\u0103: Dar de ce face\u021bi o diferen\u021b\u0103?<\/strong><\/p>\n<p><strong>Ion Leahu: <\/strong>\u201eDe at\u00e2ta c\u0103 deseori factorii externi nu-s capabili, nu au dorin\u021b\u0103, nu au capacit\u0103\u021bi pentru a p\u0103trunde \u00een problem\u0103 \u0219i a contribui esen\u021bial la schimbarea evenimentelor, la dinamica proceselor.\u201d<\/p>\n<p><strong>Europa Liber\u0103: \u0218i pe interior, \u0219i \u00een exterior se zice c\u0103 cele dou\u0103 p\u0103r\u021bi trebuie s\u0103 discute, s\u0103 g\u0103seasc\u0103 compromis \u0219i s\u0103 convin\u0103 asupra unui deznod\u0103m\u00e2nt al acestei crize transnistrene.<\/strong><\/p>\n<p><strong>Ion Leahu: <\/strong>\u201eAbsolut to\u021bi cei implica\u021bi \u00een problema respectiv\u0103 au aceast\u0103 viziune care \u00ee\u0219i are r\u0103d\u0103cinile \u00een 1993, la summitul OSCE, c\u00e2nd \u00een linii mari s-a fixat problema: conflictul transnistrean trebuie s\u0103 fie solu\u021bionat pe cale pa\u0219nic\u0103 cu asigurarea obligatorie a integrit\u0103\u021bii teritoriale a Republicii Moldova \u0219i neap\u0103rat cu acordarea unui statut regiunii transnistrene. Practic, \u00een abordarea problemei nu s-a schimbat nimic, cu excep\u021bia faptului c\u0103 de la an la an ba mai mult\u0103, ba mai pu\u021bin\u0103 aten\u021bie se acord\u0103 acestei probleme, \u00een func\u021bie de cine-i pre\u0219edinte \u00een OSCE \u0219i care-i situa\u021bia \u00een teritoriu. \u00cens\u0103, pornind de la faptul c\u0103 Tiraspolul \u0219i Chi\u0219in\u0103ul au avut \u0219i au viziuni diametral opuse, c\u0103 ei nu pot s\u0103 ating\u0103 un numitor comun principal care ar viza, \u00eentr-adev\u0103r, reglementarea situa\u021biei cu condi\u021bia c\u0103 se reintegreaz\u0103 statul, deci, problema acum a ajuns la 27 de ani nesolu\u021bionat\u0103 \u0219i anul acesta nici at\u00e2ta ea nu are niciun fel de sor\u021bi de izb\u00e2nd\u0103.\u201d<\/p>\n<p><strong>Europa Liber\u0103: \u00centr-o declara\u021bie pe care o f\u0103cea pentru un post de televiziune rusesc liderul de la Tiraspol, Vadim Krasnoselski, el spunea c\u0103 \u00een prezent dialogul politic \u00eentre Chi\u0219in\u0103u \u0219i Tiraspol este exclus \u0219i este imposibil.<\/strong><\/p>\n<p><strong>Ion Leahu: <\/strong>\u201eAcesta este un motto pe care \u00eel promoveaz\u0103 Krasnoselski practic din prima zi de c\u00e2nd a ob\u021binut mandatul de pre\u0219edinte.\u201d<\/p>\n<p><strong>Europa Liber\u0103: \u0218i el subliniaz\u0103 c\u0103 \u201etimp de 27 de ani s-au format sisteme juridice a dou\u0103 state\u201d.<\/strong><\/p>\n<p><strong>Ion Leahu: <\/strong>\u201eDna Valentina, nu ar trebui s\u0103 fiu eu omul acela, tare mi-e greu s\u0103 confirm lucrul acesta, dar a\u0219a \u0219i este. Ei au sistem juridic, s\u0103 spunem a\u0219a, destul de dezvoltat. \u00cen compara\u021bie cu alte state nerecunoscute, cu alte forma\u021biuni secesioniste, cum ar fi Abhazia, Osetia de Sud, Karabahul, ei au avansat foarte puternic. \u00cen principiu, dac\u0103 ne debaras\u0103m de la faptul c\u0103 sunt secesioni\u0219ti \u0219i sunt autoproclama\u021bi, nerecunoscu\u021bi, \u00een rest sunt \u00eenvesti\u021bi cu toate specimenele sociale.\u201d<\/p>\n<p>Interviul \u00een \u00eentregime:\u00a0<a href=\"https:\/\/www.europalibera.org\/a\/interviu-ion-leahu\/29090616.html\">https:\/\/www.europalibera.org<\/a><\/p>\n<\/div>\n<\/div>\n","protected":false},"excerpt":{"rendered":"<p>Valentina Ursu Interviu cu fostul membru al delega\u021biei moldovene \u00een Comisia Unificat\u0103 de Control, despre ultimele evolu\u021bii \u00een reglementarea transnistrean\u0103. P\u00e2n\u0103 la finele lunii martie \u00een R.Moldova urmeaz\u0103 s\u0103 vin\u0103 reprezentantul special al pre\u0219edin\u021biei italiene a OSCE pentru solu\u021bionarea conflictului transnistrean, Franco Frattini. \u00cen ajunul acestei vizite, \u00eentre Chi\u0219in\u0103u \u0219i Tiraspol au loc contacte intense&#8230;<\/p>\n","protected":false},"author":2,"featured_media":0,"comment_status":"closed","ping_status":"open","sticky":false,"template":"","format":"standard","meta":[],"categories":[1],"tags":[],"_links":{"self":[{"href":"https:\/\/centers.ulbsibiu.ro\/ccsprise\/lact\/wp-json\/wp\/v2\/posts\/4412"}],"collection":[{"href":"https:\/\/centers.ulbsibiu.ro\/ccsprise\/lact\/wp-json\/wp\/v2\/posts"}],"about":[{"href":"https:\/\/centers.ulbsibiu.ro\/ccsprise\/lact\/wp-json\/wp\/v2\/types\/post"}],"author":[{"embeddable":true,"href":"https:\/\/centers.ulbsibiu.ro\/ccsprise\/lact\/wp-json\/wp\/v2\/users\/2"}],"replies":[{"embeddable":true,"href":"https:\/\/centers.ulbsibiu.ro\/ccsprise\/lact\/wp-json\/wp\/v2\/comments?post=4412"}],"version-history":[{"count":2,"href":"https:\/\/centers.ulbsibiu.ro\/ccsprise\/lact\/wp-json\/wp\/v2\/posts\/4412\/revisions"}],"predecessor-version":[{"id":8119,"href":"https:\/\/centers.ulbsibiu.ro\/ccsprise\/lact\/wp-json\/wp\/v2\/posts\/4412\/revisions\/8119"}],"wp:attachment":[{"href":"https:\/\/centers.ulbsibiu.ro\/ccsprise\/lact\/wp-json\/wp\/v2\/media?parent=4412"}],"wp:term":[{"taxonomy":"category","embeddable":true,"href":"https:\/\/centers.ulbsibiu.ro\/ccsprise\/lact\/wp-json\/wp\/v2\/categories?post=4412"},{"taxonomy":"post_tag","embeddable":true,"href":"https:\/\/centers.ulbsibiu.ro\/ccsprise\/lact\/wp-json\/wp\/v2\/tags?post=4412"}],"curies":[{"name":"wp","href":"https:\/\/api.w.org\/{rel}","templated":true}]}}