{"id":4406,"date":"2018-03-09T19:24:51","date_gmt":"2018-03-09T17:24:51","guid":{"rendered":"https:\/\/centers.ulbsibiu.ro\/ccsprise\/lact\/?p=4406"},"modified":"2018-03-09T19:24:51","modified_gmt":"2018-03-09T17:24:51","slug":"adevarul-ro-krasnoselskii-presedintele-moldovenilor-sunt-eu-in-republica-moldova-deja-e-generatia-celor-care-se-cred-romani","status":"publish","type":"post","link":"https:\/\/centers.ulbsibiu.ro\/ccsprise\/lact\/adevarul-ro-krasnoselskii-presedintele-moldovenilor-sunt-eu-in-republica-moldova-deja-e-generatia-celor-care-se-cred-romani\/","title":{"rendered":"Adev\u0103rul.ro &#8211; Krasnoselskii: Pre\u015fedintele moldovenilor sunt eu. \u00cen Republica Moldova deja e genera\u0163ia celor care se cred rom\u00e2ni"},"content":{"rendered":"<p><span class=\"desc\">de <\/span><span class=\"a-name\"><a href=\"http:\/\/adevarul.ro\/profil\/5_5736d6985ab6550cb8ed02ef\" rel=\"author\">Iurii Botnarenco<\/a><\/span><\/p>\n<p>Liderul de la Tiraspol, Vadim Krasnoselskii, consider\u0103 c\u0103 el poate fi numit pre\u015fedintele tuturor moldovenilor, pentru c\u0103 moldovenii veritabili, \u00een opinia sa, s-ar afla exclusiv \u00een Transnistria. El a declarat c\u0103 cet\u0103\u0163enii dintre Prut \u015fi Nistru au \u00eenv\u0103\u0163at istoria rom\u00e2nilor \u015fi refuz\u0103 s\u0103 vorbeasc\u0103 \u00een limba moldoveneasc\u0103, motiv pentru care ace\u015ftia nu mai sunt at\u00e2t de aproape de ceea ce \u00eenseamn\u0103 a fi moldovean.<\/p>\n<div id=\"adh_sideAdvert\">\n<div>\u201eTimp de 25 de ani, Moldova nu a studiat Istoria Moldovei (ca disciplin\u0103 \u015fcolar\u0103), dar a studiat Istoria Rom\u00e2nilor. Imagina\u0163i-v\u0103 c\u0103 un stat nu vorbe\u015fte despre propria istorie \u015fi nu vorbe\u015fte \u00een propria sa limb\u0103. Dac\u0103 e s\u0103 spunem cine cu adev\u0103rat este pre\u015fedintele moldovenilor, acesta este pre\u015fedintele Krasnoselskii. De ce, fiindc\u0103 noi am p\u0103strat etnia moldoveneasc\u0103, cultura moldoveneasc\u0103, grafia moldoveneasc\u0103 (chirilic\u0103) \u015fi tradi\u0163iile moldovene\u015fti. Dac\u0103 nu exista Transnistria, nu existau nici moldovenii\u201d, a spus Vadim Krasnoselskii la un forum desf\u0103\u015furat recent la Moscova.<\/div>\n<\/div>\n<div id=\"article-body\" class=\"article-body\">\n<p>Liderul transnistrean a subliniat c\u0103 \u00een Republica Moldova a crescut o genera\u0163ie, mul\u0163i dintre reprezentan\u0163ii c\u0103reia se consider\u0103 rom\u00e2ni \u015fi \u00ee\u015fi doresc unirea cu Rom\u00e2nia.<\/p>\n<p>\u201eEste alegerea Moldovei. Dac\u0103 ei vor s\u0103 studieze Istoria Rom\u00e2nilor &#8211; poftim. Dac\u0103 nu vre\u0163i limba voastr\u0103 natal\u0103, dar pe cea a Rom\u00e2niei &#8211; poftim. \u00cens\u0103 asta nu trebuie s\u0103 influen\u0163eze rela\u0163iile noastre. L\u0103sa\u0163i poporul moldovenesc s\u0103 se decid\u0103. Eu a\u015f recomanda ei s\u0103 organizeze un referendum, precum am f\u0103cut noi \u00een Transnistria, iar poporul s\u0103 spun\u0103 pentru care vector pledeaz\u0103\u201d, a men\u0163ionat Krasnoselskii.<\/p>\n<p>Sursa:\u00a0<a href=\"http:\/\/adevarul.ro\/moldova\/politica\/krasnoselskii-presedintele-moldovenilor-eu-In-republica-moldova-e-generatia-cred-romani-video-1_5aa2a79fdf52022f755f96ab\/index.html\">http:\/\/adevarul.ro<\/a><\/p>\n<\/div>\n","protected":false},"excerpt":{"rendered":"<p>de Iurii Botnarenco Liderul de la Tiraspol, Vadim Krasnoselskii, consider\u0103 c\u0103 el poate fi numit pre\u015fedintele tuturor moldovenilor, pentru c\u0103 moldovenii veritabili, \u00een opinia sa, s-ar afla exclusiv \u00een Transnistria. El a declarat c\u0103 cet\u0103\u0163enii dintre Prut \u015fi Nistru au \u00eenv\u0103\u0163at istoria rom\u00e2nilor \u015fi refuz\u0103 s\u0103 vorbeasc\u0103 \u00een limba moldoveneasc\u0103, motiv pentru care ace\u015ftia nu&#8230;<\/p>\n","protected":false},"author":2,"featured_media":0,"comment_status":"closed","ping_status":"open","sticky":false,"template":"","format":"standard","meta":[],"categories":[1],"tags":[],"_links":{"self":[{"href":"https:\/\/centers.ulbsibiu.ro\/ccsprise\/lact\/wp-json\/wp\/v2\/posts\/4406"}],"collection":[{"href":"https:\/\/centers.ulbsibiu.ro\/ccsprise\/lact\/wp-json\/wp\/v2\/posts"}],"about":[{"href":"https:\/\/centers.ulbsibiu.ro\/ccsprise\/lact\/wp-json\/wp\/v2\/types\/post"}],"author":[{"embeddable":true,"href":"https:\/\/centers.ulbsibiu.ro\/ccsprise\/lact\/wp-json\/wp\/v2\/users\/2"}],"replies":[{"embeddable":true,"href":"https:\/\/centers.ulbsibiu.ro\/ccsprise\/lact\/wp-json\/wp\/v2\/comments?post=4406"}],"version-history":[{"count":1,"href":"https:\/\/centers.ulbsibiu.ro\/ccsprise\/lact\/wp-json\/wp\/v2\/posts\/4406\/revisions"}],"predecessor-version":[{"id":4407,"href":"https:\/\/centers.ulbsibiu.ro\/ccsprise\/lact\/wp-json\/wp\/v2\/posts\/4406\/revisions\/4407"}],"wp:attachment":[{"href":"https:\/\/centers.ulbsibiu.ro\/ccsprise\/lact\/wp-json\/wp\/v2\/media?parent=4406"}],"wp:term":[{"taxonomy":"category","embeddable":true,"href":"https:\/\/centers.ulbsibiu.ro\/ccsprise\/lact\/wp-json\/wp\/v2\/categories?post=4406"},{"taxonomy":"post_tag","embeddable":true,"href":"https:\/\/centers.ulbsibiu.ro\/ccsprise\/lact\/wp-json\/wp\/v2\/tags?post=4406"}],"curies":[{"name":"wp","href":"https:\/\/api.w.org\/{rel}","templated":true}]}}