{"id":4395,"date":"2018-03-06T19:56:52","date_gmt":"2018-03-06T17:56:52","guid":{"rendered":"https:\/\/centers.ulbsibiu.ro\/ccsprise\/lact\/?p=4395"},"modified":"2018-03-06T19:56:52","modified_gmt":"2018-03-06T17:56:52","slug":"gov-md-intrevederea-viceprim-ministrului-cristina-lesnic-cu-seful-misiunii-osce-in-republica-moldova-michael-scanlan-2","status":"publish","type":"post","link":"https:\/\/centers.ulbsibiu.ro\/ccsprise\/lact\/gov-md-intrevederea-viceprim-ministrului-cristina-lesnic-cu-seful-misiunii-osce-in-republica-moldova-michael-scanlan-2\/","title":{"rendered":"Gov.md &#8211; \u00centrevederea Viceprim-ministrului Cristina Lesnic cu \u015feful Misiunii OSCE \u00een Republica Moldova Michael Scanlan"},"content":{"rendered":"<p>Ast\u0103zi, 05 martie curent, Viceprim-ministrul Cristina Lesnic a avut o \u00eentrevedere cu \u015feful Misiunii OSCE \u00een Republica Moldova Michael Scanlan. La eveniment au fost prezen\u021bi Secretarul de Stat \u00een domeniul politicii de ap\u0103rare \u0219i cooper\u0103rii interna\u021bionale din cadrul Ministerului Ap\u0103r\u0103rii Dumitru M\u00eenz\u0103rari, Consilierul principal de Stat al Prim-Ministrului Gheorghe B\u0103lan, co-pre\u0219edintele Comisiei Unificate de Control (CUC) Ion Solonenco \u0219i \u015feful adjunct al Inspectoratului General pentru Situa\u0163ii de Urgen\u021b\u0103, membru al Comisiei Unificate de Control Sergiu Golovaci.<\/p>\n<p>\u00cen cadrul discu\u021biei oficialii au discutat dinamica activit\u0103\u021bilor \u00een cadrul grupurilor de lucru sectoriale, \u00een special a Grupului de lucru pentru dezvoltarea transportului auto \u0219i infrastructurii drumurilor, referindu-se la necesitatea identific\u0103rii unei solu\u021bii complexe privind mecanismul de admitere a autovehiculelor din regiunea transnistrean\u0103 \u00een traficul rutier interna\u021bional. \u00cen aceea\u0219i ordine de idei, a fost discutat\u0103 posibilitatea de a avea \u00een timpul apropiat o \u0219edin\u021b\u0103 a sub-grupului de lucru pentru probleme bancare dar \u0219i de a demara \u00een termeni restr\u00e2n\u0219i a procedurii de restabilire a accesului la p\u0103m\u00e2nturile amplasate dup\u0103 traseul R\u00e2bni\u021ba-Tiraspol.<\/p>\n<p>Totodat\u0103, a fost abordat\u0103 situa\u021bia din Zona de Securitate, exper\u021bii Comisiei Unificate de Control (CUC) semnal\u00e2nd necesitatea ob\u021binerii unui consens larg \u00eentru a facilita monitorizarea impar\u021bial\u0103 a situa\u021biei curente. Exper\u021bii au f\u0103cut n apel pentru a coordona \u00eentr-un proces transparent \u0219i deschis toate activit\u0103\u021bile din cadrul Zonei de Securitate.<\/p>\n<p>Oficialii s-au referit \u0219i la vizita din timpul apropiat a Reprezentantului Special al Pre\u0219edin\u021biei \u00een exerci\u021biu a OSCE Franco Frattini \u00een Republica Moldova semnal\u00e2nd importan\u021ba ei pentru procesul de negocieri.<\/p>\n<p>La final, Vicepremierul a dat asigur\u0103ri c\u0103 Chi\u0219in\u0103ul va men\u021bine o dinamic\u0103 activ\u0103 \u00een cadrul grupurilor de lucru pentru a ob\u021bine rezultate viabile \u00eentru rezolvarea dezideratelor de prim\u0103 importan\u021b\u0103 din cadrul agendei curente.<\/p>\n<p>Sursa:\u00a0<a href=\"http:\/\/gov.md\/ro\/content\/intrevederea-viceprim-ministrului-cristina-lesnic-cu-seful-misiunii-osce-republica-moldova-0\">http:\/\/gov.md\/<\/a><\/p>\n","protected":false},"excerpt":{"rendered":"<p>Ast\u0103zi, 05 martie curent, Viceprim-ministrul Cristina Lesnic a avut o \u00eentrevedere cu \u015feful Misiunii OSCE \u00een Republica Moldova Michael Scanlan. La eveniment au fost prezen\u021bi Secretarul de Stat \u00een domeniul politicii de ap\u0103rare \u0219i cooper\u0103rii interna\u021bionale din cadrul Ministerului Ap\u0103r\u0103rii Dumitru M\u00eenz\u0103rari, Consilierul principal de Stat al Prim-Ministrului Gheorghe B\u0103lan, co-pre\u0219edintele Comisiei Unificate de Control&#8230;<\/p>\n","protected":false},"author":2,"featured_media":0,"comment_status":"closed","ping_status":"open","sticky":false,"template":"","format":"standard","meta":[],"categories":[1],"tags":[],"_links":{"self":[{"href":"https:\/\/centers.ulbsibiu.ro\/ccsprise\/lact\/wp-json\/wp\/v2\/posts\/4395"}],"collection":[{"href":"https:\/\/centers.ulbsibiu.ro\/ccsprise\/lact\/wp-json\/wp\/v2\/posts"}],"about":[{"href":"https:\/\/centers.ulbsibiu.ro\/ccsprise\/lact\/wp-json\/wp\/v2\/types\/post"}],"author":[{"embeddable":true,"href":"https:\/\/centers.ulbsibiu.ro\/ccsprise\/lact\/wp-json\/wp\/v2\/users\/2"}],"replies":[{"embeddable":true,"href":"https:\/\/centers.ulbsibiu.ro\/ccsprise\/lact\/wp-json\/wp\/v2\/comments?post=4395"}],"version-history":[{"count":1,"href":"https:\/\/centers.ulbsibiu.ro\/ccsprise\/lact\/wp-json\/wp\/v2\/posts\/4395\/revisions"}],"predecessor-version":[{"id":4396,"href":"https:\/\/centers.ulbsibiu.ro\/ccsprise\/lact\/wp-json\/wp\/v2\/posts\/4395\/revisions\/4396"}],"wp:attachment":[{"href":"https:\/\/centers.ulbsibiu.ro\/ccsprise\/lact\/wp-json\/wp\/v2\/media?parent=4395"}],"wp:term":[{"taxonomy":"category","embeddable":true,"href":"https:\/\/centers.ulbsibiu.ro\/ccsprise\/lact\/wp-json\/wp\/v2\/categories?post=4395"},{"taxonomy":"post_tag","embeddable":true,"href":"https:\/\/centers.ulbsibiu.ro\/ccsprise\/lact\/wp-json\/wp\/v2\/tags?post=4395"}],"curies":[{"name":"wp","href":"https:\/\/api.w.org\/{rel}","templated":true}]}}