{"id":4391,"date":"2018-03-06T19:47:34","date_gmt":"2018-03-06T17:47:34","guid":{"rendered":"https:\/\/centers.ulbsibiu.ro\/ccsprise\/lact\/?p=4391"},"modified":"2020-06-12T15:47:16","modified_gmt":"2020-06-12T13:47:16","slug":"europalibera-org-andrei-deviatkov-pana-moldova-nu-va-deveni-un-stat-de-drept-sa-vorbesti-despre-reintegrare-in-general-e-un-nonsens","status":"publish","type":"post","link":"https:\/\/centers.ulbsibiu.ro\/ccsprise\/lact\/europalibera-org-andrei-deviatkov-pana-moldova-nu-va-deveni-un-stat-de-drept-sa-vorbesti-despre-reintegrare-in-general-e-un-nonsens\/","title":{"rendered":"Europalibera.org &#8211; Andrei Deviatkov: \u201eP\u00e2n\u0103 Moldova nu va deveni un stat de drept, s\u0103 vorbe\u0219ti despre reintegrare, \u00een general, e un nonsens\u201d"},"content":{"rendered":"<p><a title=\"Valentina Ursu\" href=\"https:\/\/www.europalibera.org\/author\/20537.html\">Valentina Ursu<\/a><\/p>\n<div class=\"intro content-offset\">\n<p>Un interviu cu cercet\u0103torul \u0219tiin\u021bific al Centrului de Studii Post-Sovietice \u0219i opiniile sale despre \u00eenghe\u021batul conflict cu separati\u0219tii transnistreni&#8230;<\/p>\n<\/div>\n<div>\n<div class=\"wsw\">\n<p><em>Andrei Deviatkov este cercet\u0103tor \u0219tiin\u021bific al Centrului de Studii Post-Sovietice. El observ\u0103 cum Rusia \u0219i SUA se v\u0103d ca adversari strategici promov\u00e2nd o politic\u0103 de concuren\u021b\u0103 \u0219i spune c\u0103 niciun actor la nivel global \u0219i regional nu este interesat s\u0103 schimbe statutul de statu quo-ul \u00een jurul conflictelor \u00eenghe\u021bate din regiune<\/em>.<\/p>\n<p><strong>Europa Liber\u0103: De la autorit\u0103\u021bile moldovene\u0219ti am auzit de nenum\u0103rate ori c\u0103 neutralitatea nu ar constitui un impediment \u00een calea integr\u0103rii \u00een Uniunea European\u0103 (UE); c\u0103 Republica Moldova este o \u021bar\u0103 neutr\u0103, \u00eens\u0103 neutralitatea nu \u00eenseamn\u0103 izolare; c\u0103 statutul de neutralitate ar reprezenta o variant\u0103 optim\u0103 pentru Moldova; c\u0103 neutralitatea ar fi convenabil\u0103 pentru Republica Moldova, pentru Chi\u0219in\u0103u, \u00eenainte de toate, pentru solu\u021bionarea cu succes a problemei transnistrene. Dvs. ce p\u0103rere ave\u021bi despre neutralitatea respectiv\u0103? <\/strong><\/p>\n<p><strong>Andrei Deviatkov<\/strong>: \u201eEu cred c\u0103 \u00eentr-adev\u0103r e convenabil, pentru c\u0103, dac\u0103 ne uit\u0103m \u00een plan geografic, num\u0103rul popula\u021biei, dezvoltarea economiei etc., \u00een principiu, Moldova este un stat mic, care este interesat de dezvoltare stabil\u0103 social-economic\u0103 pentru bun\u0103starea cet\u0103\u021benilor, pentru europenizare \u0219i alte procese. Mie mi se pare c\u0103 pentru Moldova ca s\u0103 se implice \u00eentr-o confruntare dintre Occident \u0219i Rusia nu are niciun rost, pur \u0219i simplu nu ar avea nimic de c\u00e2\u0219tigat. Cu p\u0103rere de r\u0103u, unii actori \u00eencearc\u0103 s\u0103 o antreneze \u00een aceast\u0103 confruntare, dar probabil aceasta nu este calea cea mai bun\u0103 pentru Republica Moldova.\u201d<\/p>\n<p><strong>Europa Liber\u0103: Dar de ce p\u00e2n\u0103 ast\u0103zi trupele armate ale Rusiei nu sunt retrase?<\/strong><\/p>\n<p><strong>Andrei Deviatkov<\/strong>: \u201eMie mi se pare c\u0103 Moldovei i se spune foarte rar c\u0103 cerin\u021bele politice ale autorit\u0103\u021bilor moldovene\u0219ti constau de fiecare dat\u0103 \u00een aceea c\u0103 Rusia trebuie s\u0103-\u0219i retrag\u0103 GOTR-ul (<em>Grupul Operativ<\/em> de Trupe Ruse) \u0219i s\u0103 fie restructurat formatul de men\u021binere a p\u0103cii. Adic\u0103 mie mi se pare c\u0103 GOTR reprezint\u0103 o garan\u021bie c\u0103 Moldova nu va cere retragerea for\u021belor pacificatoare. \u00cen principiu, cu p\u0103rere de r\u0103u, noi ast\u0103zi vedem c\u0103 \u00een ultimul an autorit\u0103\u021bile moldovene\u0219ti au \u00eentreprins un \u0219ir de m\u0103suri, cum ar fi, de exemplu, neadmiterea lui Dmitri Rogozin \u00een Transnistria, expulzarea ata\u0219atului militar \u0219.a.m.d., rezult\u0103 c\u0103 ar fi necesar\u0103 adoptarea unui acord din mai multe puncte. Se pare c\u0103 \u0219i \u00een situa\u021bia cu posturile de control, \u0219i \u00een situa\u021bia cu numerele de \u00eenmatriculare a automobilelor, \u0219i \u00een situa\u021bia cu retragerea for\u021belor armate, Moldova \u00eencearc\u0103 prin orice metode s\u0103 ob\u021bin\u0103 beneficii unilaterale, dar mie mi se pare c\u0103 astfel de probleme, precum e cea transnistrean\u0103 trebuie s\u0103 fie solu\u021bionate la masa de tratative la care particip\u0103 un cerc c\u00e2t mai larg de actori.\u201d<\/p>\n<p><strong>Europa Liber\u0103: Dar este acest format\u2026<\/strong><\/p>\n<p><strong>Andrei Deviatkov<\/strong>: \u201eEste formatul \u201e5+2\u201d \u0219i eu cred c\u0103 este destul de eficient. \u00cen acest format particip\u0103 \u0219i Uniunea European\u0103, \u0219i Statele Unite \u0219i dac\u0103 ar fi s\u0103 analiz\u0103m documentele strategice ale acestor \u021b\u0103ri, peste tot formatul \u201e5+2\u201d este denumit, c\u0103 spunem a\u0219a, <em>f\u0103r\u0103 alternative<\/em>.\u201d<\/p>\n<p>Textul complet la:\u00a0<a href=\"https:\/\/www.europalibera.org\/a\/interviu-andrei-deviatkov-valentina-ursu\/29082274.html\">https:\/\/www.europalibera.org<\/a><\/p>\n<\/div>\n<\/div>\n","protected":false},"excerpt":{"rendered":"<p>Valentina Ursu Un interviu cu cercet\u0103torul \u0219tiin\u021bific al Centrului de Studii Post-Sovietice \u0219i opiniile sale despre \u00eenghe\u021batul conflict cu separati\u0219tii transnistreni&#8230; Andrei Deviatkov este cercet\u0103tor \u0219tiin\u021bific al Centrului de Studii Post-Sovietice. El observ\u0103 cum Rusia \u0219i SUA se v\u0103d ca adversari strategici promov\u00e2nd o politic\u0103 de concuren\u021b\u0103 \u0219i spune c\u0103 niciun actor la nivel global&#8230;<\/p>\n","protected":false},"author":2,"featured_media":0,"comment_status":"closed","ping_status":"open","sticky":false,"template":"","format":"standard","meta":[],"categories":[1],"tags":[],"_links":{"self":[{"href":"https:\/\/centers.ulbsibiu.ro\/ccsprise\/lact\/wp-json\/wp\/v2\/posts\/4391"}],"collection":[{"href":"https:\/\/centers.ulbsibiu.ro\/ccsprise\/lact\/wp-json\/wp\/v2\/posts"}],"about":[{"href":"https:\/\/centers.ulbsibiu.ro\/ccsprise\/lact\/wp-json\/wp\/v2\/types\/post"}],"author":[{"embeddable":true,"href":"https:\/\/centers.ulbsibiu.ro\/ccsprise\/lact\/wp-json\/wp\/v2\/users\/2"}],"replies":[{"embeddable":true,"href":"https:\/\/centers.ulbsibiu.ro\/ccsprise\/lact\/wp-json\/wp\/v2\/comments?post=4391"}],"version-history":[{"count":1,"href":"https:\/\/centers.ulbsibiu.ro\/ccsprise\/lact\/wp-json\/wp\/v2\/posts\/4391\/revisions"}],"predecessor-version":[{"id":4392,"href":"https:\/\/centers.ulbsibiu.ro\/ccsprise\/lact\/wp-json\/wp\/v2\/posts\/4391\/revisions\/4392"}],"wp:attachment":[{"href":"https:\/\/centers.ulbsibiu.ro\/ccsprise\/lact\/wp-json\/wp\/v2\/media?parent=4391"}],"wp:term":[{"taxonomy":"category","embeddable":true,"href":"https:\/\/centers.ulbsibiu.ro\/ccsprise\/lact\/wp-json\/wp\/v2\/categories?post=4391"},{"taxonomy":"post_tag","embeddable":true,"href":"https:\/\/centers.ulbsibiu.ro\/ccsprise\/lact\/wp-json\/wp\/v2\/tags?post=4391"}],"curies":[{"name":"wp","href":"https:\/\/api.w.org\/{rel}","templated":true}]}}