{"id":4389,"date":"2018-03-06T19:43:43","date_gmt":"2018-03-06T17:43:43","guid":{"rendered":"https:\/\/centers.ulbsibiu.ro\/ccsprise\/lact\/?p=4389"},"modified":"2018-03-06T19:43:43","modified_gmt":"2018-03-06T17:43:43","slug":"infotag-md-dialogul-politic-intre-transnistria-si-moldova-este-exclus-vadim-krasnoselski","status":"publish","type":"post","link":"https:\/\/centers.ulbsibiu.ro\/ccsprise\/lact\/infotag-md-dialogul-politic-intre-transnistria-si-moldova-este-exclus-vadim-krasnoselski\/","title":{"rendered":"Infotag.md &#8211; DIALOGUL POLITIC \u00ceNTRE TRANSNISTRIA \u015eI MOLDOVA ESTE EXCLUS \u2013 VADIM KRASNOSELSKI"},"content":{"rendered":"<p>\u00cen prezent, dialogul politic \u00eentre Transnistria \u015fi Moldova \u201eeste exclus \u015fi este imposibil\u201d, consider\u0103 pre\u015fedintele autoproclamatei RMN, Vadim Krasnoselski.<\/p>\n<p>Potrivit agen\u0163iei INFOTAG, aceast\u0103 opinie el \u015fi-a exprimat-o \u00eentr-un interviu pentru postul tv Rossia 24 de la Moscova, subliniind c\u0103, timp de 27 de ani, \u201es-au format sisteme juridice a dou\u0103 state\u201d.<\/p>\n<p>\u201eConform Constitu\u021biei Republicii Moldova, aceasta este un stat unitar. RMN este, de asemenea, un stat unitar. Unii politicieni moldoveni spun c\u0103 elitele politice din Moldova \u0219i Transnistria nu se pot \u00een\u0163elege. Dar ei nu pot \u00eenc\u0103lca legile statelor lor. \u0218i nimeni nu este gata s\u0103 schimbe acest lucru\u201d, a spus el.<\/p>\n<p>Potrivit lui Krasnoselski, autorit\u0103\u021bile transnistrene sunt \u201esus\u0163in\u0103torii unei abord\u0103ri pragmatice\u201d.<\/p>\n<p>\u201eVrem s\u0103 rezolv\u0103m problemele oamenilor care tr\u0103iesc at\u00e2t \u00een dreapta, c\u00e2t \u0219i \u00een st\u00e2nga Nistrului. \u00cen aceast\u0103 direc\u021bie func\u021bioneaz\u0103 \u015fi formatul de negocieri \u201e5+2\u201d, \u00een care Rusia este un garant \u0219i intermediar. Anul trecut am reu\u0219it s\u0103 convenim asupra mai multor probleme. Ast\u0103zi, pe ordinea de zi se afl\u0103 un bloc de alte probleme. Cred c\u0103 este foarte important rezultatul real \u00een solu\u0163ionarea problemelor concrete. Putem s\u0103 ne ocup\u0103m de b\u0103t\u0103lii politice care nu duc la nimic. Dar dac\u0103 rezolv\u0103m problemele, oamenii vor aprecia acest lucru. Iar noi lucr\u0103m pentru oameni\u201d, a spus el.<\/p>\n<p>Sursa:<\/p>\n<p><a href=\"http:\/\/www.infotag.md\/rebelion-ro\/260393\/\">http:\/\/www.infotag.md<\/a><\/p>\n","protected":false},"excerpt":{"rendered":"<p>\u00cen prezent, dialogul politic \u00eentre Transnistria \u015fi Moldova \u201eeste exclus \u015fi este imposibil\u201d, consider\u0103 pre\u015fedintele autoproclamatei RMN, Vadim Krasnoselski. Potrivit agen\u0163iei INFOTAG, aceast\u0103 opinie el \u015fi-a exprimat-o \u00eentr-un interviu pentru postul tv Rossia 24 de la Moscova, subliniind c\u0103, timp de 27 de ani, \u201es-au format sisteme juridice a dou\u0103 state\u201d. \u201eConform Constitu\u021biei Republicii Moldova,&#8230;<\/p>\n","protected":false},"author":2,"featured_media":0,"comment_status":"closed","ping_status":"open","sticky":false,"template":"","format":"standard","meta":[],"categories":[1],"tags":[],"_links":{"self":[{"href":"https:\/\/centers.ulbsibiu.ro\/ccsprise\/lact\/wp-json\/wp\/v2\/posts\/4389"}],"collection":[{"href":"https:\/\/centers.ulbsibiu.ro\/ccsprise\/lact\/wp-json\/wp\/v2\/posts"}],"about":[{"href":"https:\/\/centers.ulbsibiu.ro\/ccsprise\/lact\/wp-json\/wp\/v2\/types\/post"}],"author":[{"embeddable":true,"href":"https:\/\/centers.ulbsibiu.ro\/ccsprise\/lact\/wp-json\/wp\/v2\/users\/2"}],"replies":[{"embeddable":true,"href":"https:\/\/centers.ulbsibiu.ro\/ccsprise\/lact\/wp-json\/wp\/v2\/comments?post=4389"}],"version-history":[{"count":1,"href":"https:\/\/centers.ulbsibiu.ro\/ccsprise\/lact\/wp-json\/wp\/v2\/posts\/4389\/revisions"}],"predecessor-version":[{"id":4390,"href":"https:\/\/centers.ulbsibiu.ro\/ccsprise\/lact\/wp-json\/wp\/v2\/posts\/4389\/revisions\/4390"}],"wp:attachment":[{"href":"https:\/\/centers.ulbsibiu.ro\/ccsprise\/lact\/wp-json\/wp\/v2\/media?parent=4389"}],"wp:term":[{"taxonomy":"category","embeddable":true,"href":"https:\/\/centers.ulbsibiu.ro\/ccsprise\/lact\/wp-json\/wp\/v2\/categories?post=4389"},{"taxonomy":"post_tag","embeddable":true,"href":"https:\/\/centers.ulbsibiu.ro\/ccsprise\/lact\/wp-json\/wp\/v2\/tags?post=4389"}],"curies":[{"name":"wp","href":"https:\/\/api.w.org\/{rel}","templated":true}]}}