{"id":4387,"date":"2018-03-05T19:34:48","date_gmt":"2018-03-05T17:34:48","guid":{"rendered":"https:\/\/centers.ulbsibiu.ro\/ccsprise\/lact\/?p=4387"},"modified":"2018-03-05T19:34:48","modified_gmt":"2018-03-05T17:34:48","slug":"gov-md-intrevederea-viceprim-ministrului-cristina-lesnic-cu-seful-delegatiei-uniunii-europene-in-republica-moldova-peter-michalko","status":"publish","type":"post","link":"https:\/\/centers.ulbsibiu.ro\/ccsprise\/lact\/gov-md-intrevederea-viceprim-ministrului-cristina-lesnic-cu-seful-delegatiei-uniunii-europene-in-republica-moldova-peter-michalko\/","title":{"rendered":"Gov.md &#8211; \u00centrevederea Viceprim-ministrului Cristina Lesnic cu \u015feful Delega\u021biei Uniunii Europene \u00een Republica Moldova Peter Michalko"},"content":{"rendered":"<p>La 3 martie curent, Viceprim-ministrul Cristina Lesnic a avut o \u00eentrevedere cu \u015feful Delega\u021biei Uniunii Europene \u00een Republica Moldova Peter Michalko. La eveniment au fost prezen\u021bi Secretarul de Stat pentru afaceri bilaterale \u0219i multilaterale din cadrul Ministerului Afacerilor Externe \u0219i Integr\u0103rii Europene Tatiana Molcean \u0219i Consilierul principal de Stat al Prim-Ministrului Gheorghe B\u0103lan.<\/p>\n<p align=\"JUSTIFY\">\u00cen cadrul discu\u021biei oficialii au abordat ultimele evolu\u021bii \u00een procesul de negocieri pentru reglementarea transnistrean\u0103, \u00een particular pe aspectele ce \u021bin de restabilirea accesului la terenurile agricole din r-nul Dub\u0103sari, finan\u021barea de c\u0103tre UE a lucr\u0103rilor de repara\u021bie a podului dintre localit\u0103\u021bile Gura B\u00e2cului \u0219i B\u00e2cioc, situa\u021bia \u0219colilor cu predare \u00een grafia latin\u0103 din regiunea transnistrean\u0103, modalitatea de asigurare a particip\u0103rii \u00een traficul rutier interna\u021bional a autovehiculelor din regiunea transnistrean\u0103, relansarea platformei de dialog la nivelul exper\u021bilor din cadrul subgrupurilor de lucru pe probleme bancare \u0219.a.<\/p>\n<p align=\"JUSTIFY\">Vicepremierul a reiterat c\u0103 partea moldoveneasc\u0103 va men\u021bine \u0219i \u00een continuare o abordare proactiv\u0103 \u00een procesul de negocieri, precum \u0219i va contribui la identificarea unor solu\u021bii constructive \u0219i favorabile intereselor popula\u021biei de pe ambele maluri ale Nistrului.<\/p>\n<p align=\"JUSTIFY\">La r\u00e2ndul s\u0103u, Ambasadorul a accentuat necesitatea angaj\u0103rii plenare \u0219i productive a p\u0103r\u021bilor \u00een proces, relev\u00e2nd disponibilitatea UE de a acorda toat\u0103 asisten\u021ba necesar\u0103 \u0219i de a contribui la sprijinirea procesului de reglementare.<\/p>\n<p align=\"JUSTIFY\">Sursa:<\/p>\n<p align=\"JUSTIFY\"><a href=\"http:\/\/gov.md\/ro\/content\/intrevederea-viceprim-ministrului-cristina-lesnic-cu-seful-delegatiei-uniunii-europene\">http:\/\/gov.md\/<\/a><\/p>\n","protected":false},"excerpt":{"rendered":"<p>La 3 martie curent, Viceprim-ministrul Cristina Lesnic a avut o \u00eentrevedere cu \u015feful Delega\u021biei Uniunii Europene \u00een Republica Moldova Peter Michalko. La eveniment au fost prezen\u021bi Secretarul de Stat pentru afaceri bilaterale \u0219i multilaterale din cadrul Ministerului Afacerilor Externe \u0219i Integr\u0103rii Europene Tatiana Molcean \u0219i Consilierul principal de Stat al Prim-Ministrului Gheorghe B\u0103lan. \u00cen cadrul&#8230;<\/p>\n","protected":false},"author":2,"featured_media":0,"comment_status":"closed","ping_status":"open","sticky":false,"template":"","format":"standard","meta":[],"categories":[1],"tags":[],"_links":{"self":[{"href":"https:\/\/centers.ulbsibiu.ro\/ccsprise\/lact\/wp-json\/wp\/v2\/posts\/4387"}],"collection":[{"href":"https:\/\/centers.ulbsibiu.ro\/ccsprise\/lact\/wp-json\/wp\/v2\/posts"}],"about":[{"href":"https:\/\/centers.ulbsibiu.ro\/ccsprise\/lact\/wp-json\/wp\/v2\/types\/post"}],"author":[{"embeddable":true,"href":"https:\/\/centers.ulbsibiu.ro\/ccsprise\/lact\/wp-json\/wp\/v2\/users\/2"}],"replies":[{"embeddable":true,"href":"https:\/\/centers.ulbsibiu.ro\/ccsprise\/lact\/wp-json\/wp\/v2\/comments?post=4387"}],"version-history":[{"count":1,"href":"https:\/\/centers.ulbsibiu.ro\/ccsprise\/lact\/wp-json\/wp\/v2\/posts\/4387\/revisions"}],"predecessor-version":[{"id":4388,"href":"https:\/\/centers.ulbsibiu.ro\/ccsprise\/lact\/wp-json\/wp\/v2\/posts\/4387\/revisions\/4388"}],"wp:attachment":[{"href":"https:\/\/centers.ulbsibiu.ro\/ccsprise\/lact\/wp-json\/wp\/v2\/media?parent=4387"}],"wp:term":[{"taxonomy":"category","embeddable":true,"href":"https:\/\/centers.ulbsibiu.ro\/ccsprise\/lact\/wp-json\/wp\/v2\/categories?post=4387"},{"taxonomy":"post_tag","embeddable":true,"href":"https:\/\/centers.ulbsibiu.ro\/ccsprise\/lact\/wp-json\/wp\/v2\/tags?post=4387"}],"curies":[{"name":"wp","href":"https:\/\/api.w.org\/{rel}","templated":true}]}}