{"id":4385,"date":"2018-03-05T19:31:46","date_gmt":"2018-03-05T17:31:46","guid":{"rendered":"https:\/\/centers.ulbsibiu.ro\/ccsprise\/lact\/?p=4385"},"modified":"2020-06-12T18:48:22","modified_gmt":"2020-06-12T16:48:22","slug":"viitorul-org-placutele-de-inmatriculare-din-stanga-nistrului-intre-interesul-de-business-si-deciziile-tehnico-juridice","status":"publish","type":"post","link":"https:\/\/centers.ulbsibiu.ro\/ccsprise\/lact\/viitorul-org-placutele-de-inmatriculare-din-stanga-nistrului-intre-interesul-de-business-si-deciziile-tehnico-juridice\/","title":{"rendered":"Viitorul.org &#8211; Pl\u0103cu\u021bele de \u00eenmatriculare din st\u00e2nga Nistrului, \u00eentre interesul de business \u0219i deciziile tehnico &#8211; juridice"},"content":{"rendered":"<p><a class=\"author\" href=\"http:\/\/viitorul.org\/ro\/experts?uid=27\"><strong>Victor Ursu<\/strong><\/a><\/p>\n<p class=\"rtejustify\">Discu\u021biile purtate pe subiectul legaliz\u0103ril pl\u0103cu\u021belor de \u00eenmatriculare pentru anumite tipuri de vehicule provenite din regiunea transnistrean\u0103 \u0219i participarea acestora \u00een traficul rutier interna\u021bional este un subiect complicat. Ultimele negocieri relansate \u00een acest an, 2018, arat\u0103 clar c\u0103 apelurile la concesii unilaterale, la generozitate, \u00een absen\u021ba unor estim\u0103ri realiste a efectelor acestui dosar, nu au cum s\u0103 conduc\u0103 la o rezolvare satisf\u0103c\u0103toare pentru RM. Exper\u021bii independen\u021bi noteaz\u0103 serioase riscuri legate de posibile evaziuni fiscale, de costuri pe care RM ar trebui s\u0103 le acopere \u00een cazul unor accidente rutiere comise de vehicole transnistrene, dar \u0219i de r\u0103spunderile ce deriv\u0103 dintr-o serie de conven\u021bii privind transportul interna\u021bional, de care autorit\u0103\u021bile RM nu se pot eschiva.<\/p>\n<p class=\"rtejustify\">Societatea civil\u0103 trage alarma asupra lipsei unor analize de fezabilitate politic\u0103, \u0219i nu doar tehnic\u0103, evit\u00e2ndu-se situa\u021bia \u00een care anumite decizii unilaterale pot compromite rela\u021bia excelent\u0103 a RM cu Ucraina, oferind elemente de suveranitate unei regiuni secesioniste, care-\u0219i \u021bine captiv\u0103 popula\u021bia. Pe acest subiect complex, IDIS a lansat ast\u0103zi un studiu (Policy Brief), \u00eentitulat \u201dDosarul pl\u0103cu\u021belor auto \u2013 un test pentru suveranitatea RM\u201d, autorul fiind Rosian Vasiloi \u0219i Veaceslav Berbeca. Autorul noteaz\u0103 contradic\u021bile existente \u00eentre solu\u021biile tehnice propuse de transnistreni \u0219i obiectivul strategic al RM de a reintegra gradual \u00eentreaga regiune \u00een c\u00e2mpul s\u0103u constitu\u021bional, ceea ce are nevoie de pa\u0219i spre obiectiv, \u0219i nu contra acestuia.<\/p>\n<p class=\"rtejustify\">\u00cen opinia directorului IDIS, Igor Munteanu, \u201dre-integrarea regiunii transnistrene va mai cere ceva timp, motiv pentru care Guvernul RM are nevoie de instrumente \u0219i baze solide de agregare \u0219i socializare. RM are nevoie s\u0103 pun\u0103 la eviden\u021b\u0103 popula\u021bia rezident\u0103 \u00een regiune, propriet\u0103\u021bile, s\u0103 garanteze drepturi de proprietate, ceea ce nu se rezolv\u0103 prin tactica ced\u0103rilor haotice, circumstan\u021biale, a unor institu\u021bii \u0219i mecanisme na\u021bionale. Cei care paraziteaz\u0103 pe beneficiile ob\u021binute prin politizare excesiv\u0103 ar trebui s\u0103-\u0219i respecte mandatul de a asista RM s\u0103-\u0219i reintegreze teritoriul \u0219i popula\u021bia, nu s\u0103 \u00eent\u0103reasc\u0103 structuri care le separ\u0103 \u00een acest moment. Atunci c\u00e2nd am men\u021bionat conceptul de \u201dlinii ro\u0219ii \u00een procesul de reglementare transnistrean\u0103\u201d am descris de fapt ceea ce face parte intangibil\u0103 din suveranitatea statului recunost interna\u021bional \u0219i care nu poate fi tranzac\u021bionat\u201d, a men\u021bionat Igor Munteanu. Or, autorit\u0103\u021bile centrale responsabile s\u0103 reprezinte RM \u00een formatul \u201d5+2\u201d, sau \u00een grupurile de lucru, nu trebuie s\u0103 uite de faptul c\u0103 orice solu\u021bii tehnice trebuie s\u0103 fie compatibil\u0103 cu interesele RM \u00een acest proces, un interes na\u021bional de care nu trebuie s\u0103 uite\u201d.<\/p>\n<p class=\"rtejustify\">\u201dSolu\u021biile proaste sunt cel mai u\u0219or de luat, a men\u021bionat Rosian Vasiloi. E suficient s\u0103 adopt\u0103m integral pozi\u021bia liderilor secesioni\u0219ti sau ru\u0219i, \u0219i s\u0103 trat\u0103m RM ca pe un iorgan de \u00eemp\u0103r\u021bit. Nu a\u0219a arat\u0103 o politic\u0103 public\u0103, \u00een care trebuie s\u0103 c\u00e2nt\u0103rim pro \u0219i contra p\u00e2n\u0103 ajungem la un nivel minimax optimal pentru stat \u0219i cet\u0103\u021benii s\u0103i. Este chiar amuzant \u2013 s\u0103 ceri progrese de la RM \u00een condi\u021biile \u00een care 80% din oficialii Guvernului RM nu pot c\u0103l\u0103tori \u00een st\u00e2nga Nistrului, are loc o militarizare agresiv\u0103 a regiunii, iar presiunile sponsorilor acestui regim nu contenesc\u201d.<\/p>\n<p class=\"rtejustify\">Alin Gvidiani, \u0219ef\u2013adjunct al Biroului politici de reintegrare al Guvernului RM a spus c\u0103 \u201dvocile din st\u00e2nga Nistrului promoveaz\u0103 o versiune lipsit\u0103 de compromis, prin care \u0219i-ar dori s\u0103 ob\u021bin\u0103 ced\u0103ri unilaterale \u0219i necondi\u021bionate din partea RM pentru a ob\u021bine gratuit pl\u0103cu\u021bele \u0219i certificatele de tip nou, asigur\u00e2ndu-li-se astfel acces liber \u00een traficul interna\u021bional \u0219i, concomitent, s\u0103 utilizeze actualele elemente cu simbolica regional\u0103 exact cum e \u00een prezent.<\/p>\n<p>Textul integral:<\/p>\n<p><a href=\"http:\/\/viitorul.org\/ro\/content\/pl\u0103cu\u021bele-de-\u00eenmatriculare-din-st\u00e2nga-nistrului-\u00eentre-interesul-de-business-\u0219i-deciziile\">http:\/\/viitorul.org\/<\/a><\/p>\n","protected":false},"excerpt":{"rendered":"<p>Victor Ursu Discu\u021biile purtate pe subiectul legaliz\u0103ril pl\u0103cu\u021belor de \u00eenmatriculare pentru anumite tipuri de vehicule provenite din regiunea transnistrean\u0103 \u0219i participarea acestora \u00een traficul rutier interna\u021bional este un subiect complicat. Ultimele negocieri relansate \u00een acest an, 2018, arat\u0103 clar c\u0103 apelurile la concesii unilaterale, la generozitate, \u00een absen\u021ba unor estim\u0103ri realiste a efectelor acestui dosar,&#8230;<\/p>\n","protected":false},"author":2,"featured_media":0,"comment_status":"closed","ping_status":"open","sticky":false,"template":"","format":"standard","meta":[],"categories":[1],"tags":[],"_links":{"self":[{"href":"https:\/\/centers.ulbsibiu.ro\/ccsprise\/lact\/wp-json\/wp\/v2\/posts\/4385"}],"collection":[{"href":"https:\/\/centers.ulbsibiu.ro\/ccsprise\/lact\/wp-json\/wp\/v2\/posts"}],"about":[{"href":"https:\/\/centers.ulbsibiu.ro\/ccsprise\/lact\/wp-json\/wp\/v2\/types\/post"}],"author":[{"embeddable":true,"href":"https:\/\/centers.ulbsibiu.ro\/ccsprise\/lact\/wp-json\/wp\/v2\/users\/2"}],"replies":[{"embeddable":true,"href":"https:\/\/centers.ulbsibiu.ro\/ccsprise\/lact\/wp-json\/wp\/v2\/comments?post=4385"}],"version-history":[{"count":1,"href":"https:\/\/centers.ulbsibiu.ro\/ccsprise\/lact\/wp-json\/wp\/v2\/posts\/4385\/revisions"}],"predecessor-version":[{"id":4386,"href":"https:\/\/centers.ulbsibiu.ro\/ccsprise\/lact\/wp-json\/wp\/v2\/posts\/4385\/revisions\/4386"}],"wp:attachment":[{"href":"https:\/\/centers.ulbsibiu.ro\/ccsprise\/lact\/wp-json\/wp\/v2\/media?parent=4385"}],"wp:term":[{"taxonomy":"category","embeddable":true,"href":"https:\/\/centers.ulbsibiu.ro\/ccsprise\/lact\/wp-json\/wp\/v2\/categories?post=4385"},{"taxonomy":"post_tag","embeddable":true,"href":"https:\/\/centers.ulbsibiu.ro\/ccsprise\/lact\/wp-json\/wp\/v2\/tags?post=4385"}],"curies":[{"name":"wp","href":"https:\/\/api.w.org\/{rel}","templated":true}]}}