{"id":4383,"date":"2018-03-05T19:28:26","date_gmt":"2018-03-05T17:28:26","guid":{"rendered":"https:\/\/centers.ulbsibiu.ro\/ccsprise\/lact\/?p=4383"},"modified":"2018-03-05T19:28:26","modified_gmt":"2018-03-05T17:28:26","slug":"infotag-md-guvernul-transnistriei-situatia-la-intreprinderile-de-aprovizionare-cu-apa-si-energie-electrica-este-aproape-critica","status":"publish","type":"post","link":"https:\/\/centers.ulbsibiu.ro\/ccsprise\/lact\/infotag-md-guvernul-transnistriei-situatia-la-intreprinderile-de-aprovizionare-cu-apa-si-energie-electrica-este-aproape-critica\/","title":{"rendered":"Infotag.md &#8211; GUVERNUL TRANSNISTRIEI: SITUA\u0162IA LA \u00ceNTREPRINDERILE DE APROVIZIONARE CU AP\u0102 \u015eI ENERGIE ELECTRIC\u0102 ESTE APROAPE CRITIC\u0102"},"content":{"rendered":"<p>Situa\u0163ia la \u00eentreprinderile de aprovizionare cu ap\u0103, c\u0103ldur\u0103 \u015fi energie electric\u0103 este aproape critic\u0103. O declara\u0163ie \u00een acest sens a f\u0103cut, \u00eentr-un interviu pentru televiziunea transnistrean\u0103, pre\u015fedintele Guvernului autoproclamatei RMN, Alexandr Mart\u00eenov.<\/p>\n<p>Potrivit agen\u0163iei INFOTAG, dup\u0103 ce a vizitat mai multe \u00eentreprinderi energetice \u015fi de aprovizionare cu ap\u0103, el a spus c\u0103, \u201edac\u0103 \u00een viitorul apropiat nu vom \u00eencepe s\u0103 corect\u0103m situa\u021bia, atunci \u00een 3-5 ani ne vom apropia de o catastrof\u0103 tehnogen\u0103\u201d.<\/p>\n<p>El a men\u0163ionat c\u0103 \u201euzarea re\u021belelor este aproape 100%, \u00eens\u0103 \u00eentreprinderile nu au resurse pentru repara\u021bii capitale \u0219i pentru \u00eenlocuirea infrastructurii inginere\u0219ti\u201d.<\/p>\n<p>Referindu-se la motivele situa\u021biei actuale, premierul transnistrean a recunoscut c\u0103, \u201e\u00een to\u021bi ace\u0219ti ani, statul nu a compensat companiilor facilit\u0103\u0163ile la plata utilit\u0103\u0163ilor, astfel c\u0103 la organiza\u021biile bugetare s-au format datorii mari pentru servicii\u201d.<\/p>\n<p>\u201eTarifele trebuie s\u0103 fie justificate din punct de vedere economic \u0219i s\u0103 acopere costurile, pentru ca \u00eentreprinderile s\u0103 se dezvolte, s\u0103 poat\u0103 efectua repara\u021bii capitale \u0219i s\u0103 \u00eenlocuiasc\u0103 echipamentele \u0219i re\u021belele necesare. Politica de stat trebuie s\u0103 fie orientat\u0103 social. \u00cens\u0103 statul trebuie s\u0103 compenseze pierderile legate de acordarea facilit\u0103\u0163ilor. Autorit\u0103\u021bile nu au f\u0103cut acest lucru ani de zile, astfel c\u0103 infrastructura noastr\u0103 de inginerie a fost m\u0103cinat\u0103 prin sloganuri referitoare la politica social\u0103, grija pentru cet\u0103\u021beni\u201d, a declarat Mart\u00eenov.<\/p>\n<p>El a spus c\u0103, \u00een prezent, pe platforma guvernului se desf\u0103\u015foar\u0103 \u015fedin\u0163e de urgen\u021b\u0103 pentru a g\u0103si modalit\u0103\u021bi de ie\u0219ire din situa\u021bie.<\/p>\n<p>\u201eCum s\u0103 rezolv\u0103m situa\u021bia? S\u0103 \u00eencepem s\u0103 pl\u0103tim. \u00cen economie nu exist\u0103 pr\u00e2nz gratuit. \u00cen cel mai scurt timp vom trebui s\u0103 g\u0103sim sute de milioane de ruble pentru ca toate acestea s\u0103 nu se transforme \u00een praf, iar oamenii s\u0103 r\u0103m\u00e2n\u0103 f\u0103r\u0103 ap\u0103 \u0219i f\u0103r\u0103 lumin\u0103\u201d, a rezumat \u0219eful guvernului.<\/p>\n<p>Dup\u0103 cum a informat anterior INFOTAG, tarifele pentru serviciile comunitare din regiune sunt de c\u00e2teva ori mai mici dec\u00e2t \u00een Moldova \u0219i nu acoper\u0103 costurile \u00eentreprinderilor pentru produc\u021bia lor. Acest lucru se datoreaz\u0103 politicii populiste a autorit\u0103\u021bilor transnistrene, care \u00een acest fel \u00eencearc\u0103 s\u0103 \u00eembun\u0103t\u0103\u021beasc\u0103 protec\u021bia social\u0103 a cet\u0103\u021benilor \u0219i s\u0103 fac\u0103 produsele disponibile \u00een comer\u021b competitive. Ei nu mai pl\u0103tesc din 2009 pentru gazele naturale ruse\u0219ti livrate de Rusia, iar pl\u0103\u0163ile achitate pentru consum sunt direc\u021bionate pentru completarea bugetului. Astfel, datoriile regiunii pentru gaze au dep\u0103\u0219it $6 mlrd.<\/p>\n<p>Sursa:<\/p>\n<p><a href=\"http:\/\/www.infotag.md\/rebelion-ro\/260285\/\">http:\/\/www.infotag.md\/<\/a><\/p>\n","protected":false},"excerpt":{"rendered":"<p>Situa\u0163ia la \u00eentreprinderile de aprovizionare cu ap\u0103, c\u0103ldur\u0103 \u015fi energie electric\u0103 este aproape critic\u0103. O declara\u0163ie \u00een acest sens a f\u0103cut, \u00eentr-un interviu pentru televiziunea transnistrean\u0103, pre\u015fedintele Guvernului autoproclamatei RMN, Alexandr Mart\u00eenov. Potrivit agen\u0163iei INFOTAG, dup\u0103 ce a vizitat mai multe \u00eentreprinderi energetice \u015fi de aprovizionare cu ap\u0103, el a spus c\u0103, \u201edac\u0103 \u00een viitorul&#8230;<\/p>\n","protected":false},"author":2,"featured_media":0,"comment_status":"closed","ping_status":"open","sticky":false,"template":"","format":"standard","meta":[],"categories":[1],"tags":[],"_links":{"self":[{"href":"https:\/\/centers.ulbsibiu.ro\/ccsprise\/lact\/wp-json\/wp\/v2\/posts\/4383"}],"collection":[{"href":"https:\/\/centers.ulbsibiu.ro\/ccsprise\/lact\/wp-json\/wp\/v2\/posts"}],"about":[{"href":"https:\/\/centers.ulbsibiu.ro\/ccsprise\/lact\/wp-json\/wp\/v2\/types\/post"}],"author":[{"embeddable":true,"href":"https:\/\/centers.ulbsibiu.ro\/ccsprise\/lact\/wp-json\/wp\/v2\/users\/2"}],"replies":[{"embeddable":true,"href":"https:\/\/centers.ulbsibiu.ro\/ccsprise\/lact\/wp-json\/wp\/v2\/comments?post=4383"}],"version-history":[{"count":1,"href":"https:\/\/centers.ulbsibiu.ro\/ccsprise\/lact\/wp-json\/wp\/v2\/posts\/4383\/revisions"}],"predecessor-version":[{"id":4384,"href":"https:\/\/centers.ulbsibiu.ro\/ccsprise\/lact\/wp-json\/wp\/v2\/posts\/4383\/revisions\/4384"}],"wp:attachment":[{"href":"https:\/\/centers.ulbsibiu.ro\/ccsprise\/lact\/wp-json\/wp\/v2\/media?parent=4383"}],"wp:term":[{"taxonomy":"category","embeddable":true,"href":"https:\/\/centers.ulbsibiu.ro\/ccsprise\/lact\/wp-json\/wp\/v2\/categories?post=4383"},{"taxonomy":"post_tag","embeddable":true,"href":"https:\/\/centers.ulbsibiu.ro\/ccsprise\/lact\/wp-json\/wp\/v2\/tags?post=4383"}],"curies":[{"name":"wp","href":"https:\/\/api.w.org\/{rel}","templated":true}]}}