{"id":4366,"date":"2018-03-02T15:42:46","date_gmt":"2018-03-02T13:42:46","guid":{"rendered":"https:\/\/centers.ulbsibiu.ro\/ccsprise\/lact\/?p=4366"},"modified":"2020-06-12T15:48:09","modified_gmt":"2020-06-12T13:48:09","slug":"europalibera-org-maria-roibu-copiii-nostri-simt-pe-pielea-lor-ce-inseamna-aceasta-rezervatie-care-se-numeste-transnistria","status":"publish","type":"post","link":"https:\/\/centers.ulbsibiu.ro\/ccsprise\/lact\/europalibera-org-maria-roibu-copiii-nostri-simt-pe-pielea-lor-ce-inseamna-aceasta-rezervatie-care-se-numeste-transnistria\/","title":{"rendered":"Europalibera.org &#8211; Maria Roibu: \u201eCopiii no\u015ftri simt pe pielea lor ce \u00eenseamn\u0103 aceast\u0103 rezerva\u0163ie care se nume\u0219te Transnistria\u201d"},"content":{"rendered":"<p><a title=\"Valentina Ursu\" href=\"https:\/\/www.europalibera.org\/author\/20537.html\">Valentina Ursu<\/a><\/p>\n<div class=\"intro content-offset\">\n<p>Interviul dimine\u021bii cu directoarea Liceului \u201eAlexandru cel Bun\u201d din Tighina, la \u00eemplinirea a 26 de ani de la \u00eenceputul r\u0103zboiului de pe Nistru.<\/p>\n<\/div>\n<div>\n<div class=\"wsw\">\n<p><em>La 26 de ani de la \u00eenceputul r\u0103zboiului de pe Nistru, Republica Moldova r\u0103m\u00e2ne un stat dezmembrat cu o regiune separatist\u0103 care \u00ee\u015fi revendic\u0103 independen\u0163a. Directoarea liceului \u201eAlexandru cel Bun\u201d de la Tighina, Maria Roibu nu crede \u00eentr-o posibil\u0103 reintegrare a \u0163\u0103rii \u00een timpul apropiat, a\u015fa cum ve\u0163i auzi \u00een interviul dimine\u021bii<\/em>.<\/p>\n<p><strong>Europa Liber\u0103: C\u00e2nd se vorbe\u015fte despre 2 martie 1992, g\u00e2ndurile Dvs. unde v\u0103 duc?<\/strong><\/p>\n<p><strong>Maria Roibu:<\/strong> \u201eM\u0103 duc imediat la tot ce s-a \u00eent\u00e2mplat, acea nenorocire din 1992. Noi am construit un monument, o f\u00e2nt\u00e2n\u0103 a eroilor unde au c\u0103zut poli\u021bi\u0219tii din Republica Moldova \u00een 1992.\u201d<\/p>\n<p><strong>Europa Liber\u0103: La hotarul dintre Varni\u0163a \u015fi Tighina.<\/strong><\/p>\n<p><strong>Maria Roibu:<\/strong> \u201eDa, acolo unde au stat for\u0163ele noastre. Uneori \u00eemi pare c\u0103 poate degeaba \u015fi-au dat via\u0163a acei tineri \u015fi m\u0103 g\u00e2ndesc, cu mare durere \u00een suflet, la \u00eendurera\u021bii p\u0103rin\u021bi \u015fi rude care nu-i mai au. \u015ei asta pentru c\u0103 exist\u0103 Transnistria, exist\u0103 legile lor \u015fi c\u00e2teodat\u0103 ai impresia c\u0103 deja sunt recunoscu\u0163i.\u201d<\/p>\n<p><strong>Europa Liber\u0103: Dvs., \u00een general, cum descrie\u021bi ast\u0103zi aceast\u0103 regiune transnistrean\u0103? <\/strong><\/p>\n<p><strong>Maria Roibu:<\/strong> \u201eConsider\u0103m c\u0103 ei se simt tare pe picior, se simt o \u0163ar\u0103 aparte. Mi se pare c\u0103 niciodat\u0103 nu o s\u0103 fie acea reintegrare pe care ne-am dori-o noi. o reintegrare ar \u00eenseamn\u0103 s\u0103 activeze legile R. Moldova \u015fi s\u0103 fie o continuitate a parcursului \u00eenceput spre UE. Dup\u0103 p\u0103rerea noastr\u0103 aceast\u0103 reintegrare niciodat\u0103 nu va fi. Noi vedem mai degrab\u0103 un dus spre Rusia a Transnistriei. Aici pe parcursul multor ani s-a format o mentalitate nici nu pot s\u0103-i zic sovietic\u0103. Este ceva aparte pentru d\u00e2n\u0219ii. Ei sunt zomba\u0163i. Ei nu pot s\u0103-\u015fi \u00eenchipuie c\u0103 exist\u0103 undeva o via\u0163\u0103 mai bun\u0103, c\u0103 exist\u0103 oameni care nu se g\u00e2ndesc numai la potlog\u0103rii \u015fi s\u0103 fac\u0103 r\u0103u \u00een lume. Chiar \u00een ora\u015ful nostru m\u0103 uit, parc\u0103 e pustiu.\u201d<\/p>\n<p><strong>Europa Liber\u0103: La Tighina?<\/strong><\/p>\n<p><strong>Maria Roibu:<\/strong> \u201eDa, la Tighina. \u00centreprinderile deja nu mai lucreaz\u0103. Probabil c\u0103 cele mai multe \u00ee\u0163i spune pia\u0163a. C\u00e2nd te duci la pia\u0163\u0103, vezi ce se \u00eent\u00e2mpl\u0103. Pia\u0163a e pustie. Lumea nu are posibilitate s\u0103 cumpere ceea ce se vinde acolo. Fe\u0163ele oamenilor, sincer s\u0103 v\u0103 spun, sunt triste, posomor\u00e2te, \u00eengrijorate. \u00cen ultimul timp nu prea v\u0103d fe\u0163e luminoase. A\u015fa e via\u0163a la noi acum.\u201d<\/p>\n<p><strong>Europa Liber\u0103: \u00cen portmoneul, \u00een buzunarul Dvs. ave\u021bi \u015fi lei moldovene\u0219ti \u015fi ruble transnistrene? <\/strong><\/p>\n<p><strong>Maria Roibu:<\/strong> \u201eDac\u0103 vorbim despre angaja\u021bii no\u015ftri, \u00een buzunarul nostru marea parte a banilor sunt lei moldovene\u0219ti gra\u021bie faptului c\u0103 noi primi salariile de la Chi\u015fin\u0103u, a\u015fa cum trebuie s\u0103 fie \u00eentr-o institu\u0163ie din R. Moldova.\u201d<\/p>\n<p><strong>Europa Liber\u0103: Dar c\u00e2nd merge\u0163i la magazin?<\/strong><\/p>\n<p><strong>Maria Roibu:<\/strong> \u201eC\u00e2nd mergem la magazin avem ruble transnistrene. Slav\u0103 Domnului c\u0103 la momentul dat valoarea leului a ajuns echivalent\u0103 cu cea a rublei transnistrene. P\u00e2n\u0103 \u00een luna mai a fost un dezastru total. Un leu de-al nostru valora la pia\u0163\u0103 60 de copeici. Pentru institu\u0163ia noastr\u0103 care e nevoit\u0103 s\u0103 fac\u0103 transferuri pentru arend\u0103 valoarea leului era apreciat\u0103 cu 52 de copeici. Era un dezastru. La moment, pentru noi este un pic mai bine din punct de vedere financiar.\u201d<\/p>\n<p>Cite\u0219te \u00een \u00eentregime:\u00a0<a href=\"https:\/\/www.europalibera.org\/a\/29072357.html\">https:\/\/www.europalibera.org<\/a><\/p>\n<\/div>\n<\/div>\n","protected":false},"excerpt":{"rendered":"<p>Valentina Ursu Interviul dimine\u021bii cu directoarea Liceului \u201eAlexandru cel Bun\u201d din Tighina, la \u00eemplinirea a 26 de ani de la \u00eenceputul r\u0103zboiului de pe Nistru. La 26 de ani de la \u00eenceputul r\u0103zboiului de pe Nistru, Republica Moldova r\u0103m\u00e2ne un stat dezmembrat cu o regiune separatist\u0103 care \u00ee\u015fi revendic\u0103 independen\u0163a. Directoarea liceului \u201eAlexandru cel Bun\u201d&#8230;<\/p>\n","protected":false},"author":2,"featured_media":0,"comment_status":"closed","ping_status":"open","sticky":false,"template":"","format":"standard","meta":[],"categories":[1],"tags":[],"_links":{"self":[{"href":"https:\/\/centers.ulbsibiu.ro\/ccsprise\/lact\/wp-json\/wp\/v2\/posts\/4366"}],"collection":[{"href":"https:\/\/centers.ulbsibiu.ro\/ccsprise\/lact\/wp-json\/wp\/v2\/posts"}],"about":[{"href":"https:\/\/centers.ulbsibiu.ro\/ccsprise\/lact\/wp-json\/wp\/v2\/types\/post"}],"author":[{"embeddable":true,"href":"https:\/\/centers.ulbsibiu.ro\/ccsprise\/lact\/wp-json\/wp\/v2\/users\/2"}],"replies":[{"embeddable":true,"href":"https:\/\/centers.ulbsibiu.ro\/ccsprise\/lact\/wp-json\/wp\/v2\/comments?post=4366"}],"version-history":[{"count":1,"href":"https:\/\/centers.ulbsibiu.ro\/ccsprise\/lact\/wp-json\/wp\/v2\/posts\/4366\/revisions"}],"predecessor-version":[{"id":4367,"href":"https:\/\/centers.ulbsibiu.ro\/ccsprise\/lact\/wp-json\/wp\/v2\/posts\/4366\/revisions\/4367"}],"wp:attachment":[{"href":"https:\/\/centers.ulbsibiu.ro\/ccsprise\/lact\/wp-json\/wp\/v2\/media?parent=4366"}],"wp:term":[{"taxonomy":"category","embeddable":true,"href":"https:\/\/centers.ulbsibiu.ro\/ccsprise\/lact\/wp-json\/wp\/v2\/categories?post=4366"},{"taxonomy":"post_tag","embeddable":true,"href":"https:\/\/centers.ulbsibiu.ro\/ccsprise\/lact\/wp-json\/wp\/v2\/tags?post=4366"}],"curies":[{"name":"wp","href":"https:\/\/api.w.org\/{rel}","templated":true}]}}