{"id":4362,"date":"2018-03-02T15:37:07","date_gmt":"2018-03-02T13:37:07","guid":{"rendered":"https:\/\/centers.ulbsibiu.ro\/ccsprise\/lact\/?p=4362"},"modified":"2018-03-02T15:37:07","modified_gmt":"2018-03-02T13:37:07","slug":"infotag-md-prim-ministrul-intentioneaza-sa-obtina-prin-orice-mijloacele-reintegrarea-moldovei","status":"publish","type":"post","link":"https:\/\/centers.ulbsibiu.ro\/ccsprise\/lact\/infotag-md-prim-ministrul-intentioneaza-sa-obtina-prin-orice-mijloacele-reintegrarea-moldovei\/","title":{"rendered":"Infotag.md &#8211; PRIM-MINISTRUL INTEN\u0162IONEAZ\u0102 \u201eS\u0102 OB\u0162IN\u0102 PRIN ORICE MIJLOACELE REINTEGRAREA MOLDOVEI\u201d"},"content":{"rendered":"<p>Prim-ministrul Pavel Filip inten\u021bioneaz\u0103 \u201es\u0103 ob\u0163in\u0103 prin orice mijloacele reintegrarea \u021b\u0103rii\u201d. Declara\u0163ia a fost f\u0103cut\u0103 vineri, la mitingul veteranilor conflictului transnistrean din 1992, la care au fost comemora\u0163i eroii c\u0103zu\u021bi.<\/p>\n<p>Potrivit agen\u021biei INFOTAG, Filip a spus c\u0103 \u201ese face tot posibilul pentru reintegrare\u201d.<\/p>\n<p>\u201eAm reu\u015fit s\u0103 ob\u0163inem accesul fermierilor la terenurile lor agricole (terenuri amplasate \u00een raionul Dubasari, controlat de Tiraspol \u2013 \u201eI.\u201d), \u0219colile din st\u00e2nga Nistrului cu predare \u00een grafie latin\u0103 func\u021bioneaz\u0103 normal, iar odat\u0103 cu instituirea recent\u0103 a controlului moldo-ucrainean la Cuciurgan, pentru prima dat\u0103 mul\u021bi ani, \u201eMoldova a preluat controlul deplin al \u00eentregii frontiere de stat\u201d, a spus el.<\/p>\n<p>\u00cen acela\u0219i timp, premierul a promis c\u0103 nu se va opri la cele realizate p\u00e2n\u0103 c\u00e2nd \u0163ara se va re\u00eentregi complet.<\/p>\n<p>\u201eDurerea pierderii eroilor c\u0103zu\u021bi a fost \u00een inimile noastre timp de 26 de ani. Poporul Moldovei \u0163ine minte \u015fi respect\u0103 curajul \u015fi statornicia participan\u0163ilor la ac\u0163iunile de lupt\u0103 de pe Nistru\u201d, a spus el, subliniind c\u0103 \u201ena\u021biunea are niciun viitor, dac\u0103 nu aduce omagiu eroilor s\u0103i\u201d.<\/p>\n<p>Mii de combatan\u021bi, fo\u015fti \u0219i actuali militari \u0219i poli\u021bi\u015fti au depus flori la monumentul Mamei \u00cendurerare.<\/p>\n<p>\u00cen Transnistria, de asemenea, s-au desf\u0103\u015furat ac\u0163iuni comemorative, consacrate \u00eemplinirii a 26 de ani de la \u201erespingerea agresiunii de amploare a Moldovei \u00eempotriva RMN\u201d.<\/p>\n<p>INFOTAG precizeaz\u0103: \u00cen conflictul de pe Nistru, din partea Moldovei au participat p\u00e2n\u0103 la 28 mii de persoane din structurile de poli\u021bie, unit\u0103\u021bile militare ale Ministerului Ap\u0103r\u0103rii, voluntari (numi\u021bi combatan\u021bi). Dintre ace\u0219tia, 287 au decedat, 40 au fost declara\u0163i disp\u0103ru\u021bi, iar aproximativ 3,5 mii au fost r\u0103ni\u021bi.<\/p>\n<p>Sursa:<\/p>\n<p><a href=\"http:\/\/www.infotag.md\/rebelion-ro\/260249\/\">http:\/\/www.infotag.md\/rebelion-ro\/260249\/<\/a><\/p>\n","protected":false},"excerpt":{"rendered":"<p>Prim-ministrul Pavel Filip inten\u021bioneaz\u0103 \u201es\u0103 ob\u0163in\u0103 prin orice mijloacele reintegrarea \u021b\u0103rii\u201d. Declara\u0163ia a fost f\u0103cut\u0103 vineri, la mitingul veteranilor conflictului transnistrean din 1992, la care au fost comemora\u0163i eroii c\u0103zu\u021bi. Potrivit agen\u021biei INFOTAG, Filip a spus c\u0103 \u201ese face tot posibilul pentru reintegrare\u201d. \u201eAm reu\u015fit s\u0103 ob\u0163inem accesul fermierilor la terenurile lor agricole (terenuri amplasate&#8230;<\/p>\n","protected":false},"author":2,"featured_media":0,"comment_status":"closed","ping_status":"open","sticky":false,"template":"","format":"standard","meta":[],"categories":[1],"tags":[],"_links":{"self":[{"href":"https:\/\/centers.ulbsibiu.ro\/ccsprise\/lact\/wp-json\/wp\/v2\/posts\/4362"}],"collection":[{"href":"https:\/\/centers.ulbsibiu.ro\/ccsprise\/lact\/wp-json\/wp\/v2\/posts"}],"about":[{"href":"https:\/\/centers.ulbsibiu.ro\/ccsprise\/lact\/wp-json\/wp\/v2\/types\/post"}],"author":[{"embeddable":true,"href":"https:\/\/centers.ulbsibiu.ro\/ccsprise\/lact\/wp-json\/wp\/v2\/users\/2"}],"replies":[{"embeddable":true,"href":"https:\/\/centers.ulbsibiu.ro\/ccsprise\/lact\/wp-json\/wp\/v2\/comments?post=4362"}],"version-history":[{"count":1,"href":"https:\/\/centers.ulbsibiu.ro\/ccsprise\/lact\/wp-json\/wp\/v2\/posts\/4362\/revisions"}],"predecessor-version":[{"id":4363,"href":"https:\/\/centers.ulbsibiu.ro\/ccsprise\/lact\/wp-json\/wp\/v2\/posts\/4362\/revisions\/4363"}],"wp:attachment":[{"href":"https:\/\/centers.ulbsibiu.ro\/ccsprise\/lact\/wp-json\/wp\/v2\/media?parent=4362"}],"wp:term":[{"taxonomy":"category","embeddable":true,"href":"https:\/\/centers.ulbsibiu.ro\/ccsprise\/lact\/wp-json\/wp\/v2\/categories?post=4362"},{"taxonomy":"post_tag","embeddable":true,"href":"https:\/\/centers.ulbsibiu.ro\/ccsprise\/lact\/wp-json\/wp\/v2\/tags?post=4362"}],"curies":[{"name":"wp","href":"https:\/\/api.w.org\/{rel}","templated":true}]}}