{"id":4360,"date":"2018-03-02T15:33:11","date_gmt":"2018-03-02T13:33:11","guid":{"rendered":"https:\/\/centers.ulbsibiu.ro\/ccsprise\/lact\/?p=4360"},"modified":"2018-03-02T15:33:11","modified_gmt":"2018-03-02T13:33:11","slug":"publika-md-pavel-filip-republica-moldova-detine-controlul-deplin-asupra-frontierelor-sale","status":"publish","type":"post","link":"https:\/\/centers.ulbsibiu.ro\/ccsprise\/lact\/publika-md-pavel-filip-republica-moldova-detine-controlul-deplin-asupra-frontierelor-sale\/","title":{"rendered":"Publika.md &#8211; Pavel Filip: Republica Moldova de\u0163ine controlul deplin asupra frontierelor sale"},"content":{"rendered":"<p><strong>Republica Moldova de\u0163ine controlul deplin asupra frontierelor sale. Declara\u0163ia a fost f\u0103cut\u0103 ast\u0103zi de premierul Pavel Filip, \u00een contextul deciziei Parlamentului de la Kiev de ieri, care a ratificat Acordul de control comun al \u00eentregii frontiere dintre R. Moldova \u0219i Ucraina.<\/strong><\/p>\n<p>Pavel Filip a mai ad\u0103ugat c\u0103 aceast\u0103 ratificare reprezint\u0103 o victorie a \u0163\u0103rii noastre care va contribui la reintergrarea teritorial\u0103 a Republicii Moldova.<\/p>\n<p>&#8220;Eu consider c\u0103 aceasta este o victorie, \u015fi pentru prima dat\u0103 dup\u0103 acele evenimente, Republica Moldova controleaz\u0103 pe deplin frontiera. \u015ei nu ne vom opri aici p\u00e2n\u0103 c\u00e2nd nu vom ob\u0163ine reintegrarea total\u0103 a \u0163\u0103rii. Pentru c\u0103 acesta este unul din obiectivele fundamentale ale guvern\u0103rii&#8221;, a spus premierul Pavel Filip.<\/p>\n<p>Cite\u0219te mai mult: <a href=\"https:\/\/www.publika.md\/pavel-filip-republica-moldova-detine-controlul-deplin-asupra-frontierelor-sale_2997650.html#ixzz58b9DUupl\">https:\/\/www.publika.md\/pavel-filip-republica-moldova-detine-controlul-deplin-asupra-frontierelor-sale_2997650.html#ixzz58b9DUupl<\/a><\/p>\n","protected":false},"excerpt":{"rendered":"<p>Republica Moldova de\u0163ine controlul deplin asupra frontierelor sale. Declara\u0163ia a fost f\u0103cut\u0103 ast\u0103zi de premierul Pavel Filip, \u00een contextul deciziei Parlamentului de la Kiev de ieri, care a ratificat Acordul de control comun al \u00eentregii frontiere dintre R. Moldova \u0219i Ucraina. Pavel Filip a mai ad\u0103ugat c\u0103 aceast\u0103 ratificare reprezint\u0103 o victorie a \u0163\u0103rii noastre&#8230;<\/p>\n","protected":false},"author":2,"featured_media":0,"comment_status":"closed","ping_status":"open","sticky":false,"template":"","format":"standard","meta":[],"categories":[1],"tags":[],"_links":{"self":[{"href":"https:\/\/centers.ulbsibiu.ro\/ccsprise\/lact\/wp-json\/wp\/v2\/posts\/4360"}],"collection":[{"href":"https:\/\/centers.ulbsibiu.ro\/ccsprise\/lact\/wp-json\/wp\/v2\/posts"}],"about":[{"href":"https:\/\/centers.ulbsibiu.ro\/ccsprise\/lact\/wp-json\/wp\/v2\/types\/post"}],"author":[{"embeddable":true,"href":"https:\/\/centers.ulbsibiu.ro\/ccsprise\/lact\/wp-json\/wp\/v2\/users\/2"}],"replies":[{"embeddable":true,"href":"https:\/\/centers.ulbsibiu.ro\/ccsprise\/lact\/wp-json\/wp\/v2\/comments?post=4360"}],"version-history":[{"count":1,"href":"https:\/\/centers.ulbsibiu.ro\/ccsprise\/lact\/wp-json\/wp\/v2\/posts\/4360\/revisions"}],"predecessor-version":[{"id":4361,"href":"https:\/\/centers.ulbsibiu.ro\/ccsprise\/lact\/wp-json\/wp\/v2\/posts\/4360\/revisions\/4361"}],"wp:attachment":[{"href":"https:\/\/centers.ulbsibiu.ro\/ccsprise\/lact\/wp-json\/wp\/v2\/media?parent=4360"}],"wp:term":[{"taxonomy":"category","embeddable":true,"href":"https:\/\/centers.ulbsibiu.ro\/ccsprise\/lact\/wp-json\/wp\/v2\/categories?post=4360"},{"taxonomy":"post_tag","embeddable":true,"href":"https:\/\/centers.ulbsibiu.ro\/ccsprise\/lact\/wp-json\/wp\/v2\/tags?post=4360"}],"curies":[{"name":"wp","href":"https:\/\/api.w.org\/{rel}","templated":true}]}}