{"id":4356,"date":"2018-03-02T15:29:03","date_gmt":"2018-03-02T13:29:03","guid":{"rendered":"https:\/\/centers.ulbsibiu.ro\/ccsprise\/lact\/?p=4356"},"modified":"2018-03-02T15:30:32","modified_gmt":"2018-03-02T13:30:32","slug":"deschide-md-provocari-separatiste-a-fost-retinuta-o-masina-a-delegatiei-moldovenesti-la-cuc","status":"publish","type":"post","link":"https:\/\/centers.ulbsibiu.ro\/ccsprise\/lact\/deschide-md-provocari-separatiste-a-fost-retinuta-o-masina-a-delegatiei-moldovenesti-la-cuc\/","title":{"rendered":"Deschide.md &#8211; Provoc\u0103ri separatiste. A fost re\u021binut\u0103 o ma\u0219in\u0103 a delega\u021biei moldovene\u0219ti la CUC"},"content":{"rendered":"<p>Author: Vasile Cojocari<\/p>\n<div>02\/03\/2018 11:35<\/div>\n<div><\/div>\n<div>\n<p>Ma\u015fina unui membru al Delega\u0163iei R. Moldova la Comisia Unificat\u0103 de Control a fost re\u0163inut\u0103 acum o or\u0103 \u015fi jum\u0103tate la ie\u015firea din Cocieri de c\u0103trei mili\u0163ia separati\u015ftilor din st\u00e2nga Nistrului care au vrut s\u0103 perchezi\u021bioneze automobilul \u0219i pe cei din ea. Asta \u00een pofida faptului c\u0103 ieri, \u00een cadrul CUC, s-a luat hot\u0103r\u00e2rea de a fi asigurat\u0103 libera cirula\u0163ie \u00een Zona de Securitate \u00een vederea comemor\u0103rii la 2 martie a celor c\u0103zu\u0163i \u00een r\u0103zboiul de pe Nistru din 1992.<\/p>\n<p>Potrivit membrului delega\u021biei R. Moldova la Comisia Unificat\u0103 de Control (CUC), Eduard Bumbac, \u201e\u00een pofida faptului c\u0103 ieri la CUC s-a luat o decizie ca ast\u0103zi \u00een contextul comemor\u0103rii celor c\u0103zu\u021bi \u00een r\u0103zboiul de pe Nistru ca s\u0103 fie asigurat\u0103 libera circula\u021bie \u00een Zona de Securitate \u0219i s\u0103 nu fie obstruc\u021bionat\u0103 comemorarea, transnistrenii au dislocat ast\u0103zi \u00een localitatea Corjova o mul\u021bime de mili\u0163ieni, practic la toate intersec\u021biile din localitate\u201d.<\/p>\n<p>Bumbac a precizat\u0103 c\u0103 MGB-ul umbl\u0103 prin localitate, film\u00e2nd \u0219i fotografiindu-i pe to\u021bi cei care vor s\u0103 participe la slujba de pomenire.<\/p>\n<p>\u201eMai mult ca at\u00e2t: la ie\u0219irea din satul Cocieri a fost oprit\u0103 ma\u0219ina cu simbolul \u201eMS\u201d(trupe de pacificare) a unui reprezentant a delega\u021biei moldovene\u0219ti la Comisia Unificat\u0103 de Control de mili\u0163ieni care au cerut s\u0103 fie perchezi\u021bionat\u0103 ma\u0219ina \u0219i pasagerii s\u0103i\u201d, a mai precizat Bumbac.<\/p>\n<p>Totu\u0219i cei din delaga\u021bia Moldovei la CUC s-au opus vehement perchezi\u021bion\u0103rii, astfel a\u0219a-zisa perchezi\u021bie nu a avut loc.<\/p>\n<p>Ast\u0103zi se \u00eemplinesc 26 de ani la r\u0103zboiul de independen\u021b\u0103 moldo-rus din 1992. Evenimentul &#8211; provocat de c\u0103tre Rusia &#8211; s-a declan\u015fat la 2 martie 1992, dup\u0103 ce pre\u015fedintele de atunci, Mircea Snegur, a autorizat o interven\u0163ie militar\u0103 \u00eempotriva for\u0163elor rebele care atacaser\u0103 posturile de poli\u0163ie loiale Chi\u015fin\u0103ului de pe malul st\u00e2ng al Nistrului.<\/p>\n<p>Sursa:<\/p>\n<p><a href=\"https:\/\/deschide.md\/ro\/stiri\/politic\/27232\/Provoc\u0103ri-separatiste-A-fost-re\u021binut\u0103-o-ma\u0219in\u0103-a-delega\u021biei-moldovene\u0219ti-la-CUC.htm\">https:\/\/deschide.md\/<\/a><\/p>\n<\/div>\n","protected":false},"excerpt":{"rendered":"<p>Author: Vasile Cojocari 02\/03\/2018 11:35 Ma\u015fina unui membru al Delega\u0163iei R. Moldova la Comisia Unificat\u0103 de Control a fost re\u0163inut\u0103 acum o or\u0103 \u015fi jum\u0103tate la ie\u015firea din Cocieri de c\u0103trei mili\u0163ia separati\u015ftilor din st\u00e2nga Nistrului care au vrut s\u0103 perchezi\u021bioneze automobilul \u0219i pe cei din ea. Asta \u00een pofida faptului c\u0103 ieri, \u00een cadrul&#8230;<\/p>\n","protected":false},"author":2,"featured_media":0,"comment_status":"closed","ping_status":"open","sticky":false,"template":"","format":"standard","meta":[],"categories":[1],"tags":[],"_links":{"self":[{"href":"https:\/\/centers.ulbsibiu.ro\/ccsprise\/lact\/wp-json\/wp\/v2\/posts\/4356"}],"collection":[{"href":"https:\/\/centers.ulbsibiu.ro\/ccsprise\/lact\/wp-json\/wp\/v2\/posts"}],"about":[{"href":"https:\/\/centers.ulbsibiu.ro\/ccsprise\/lact\/wp-json\/wp\/v2\/types\/post"}],"author":[{"embeddable":true,"href":"https:\/\/centers.ulbsibiu.ro\/ccsprise\/lact\/wp-json\/wp\/v2\/users\/2"}],"replies":[{"embeddable":true,"href":"https:\/\/centers.ulbsibiu.ro\/ccsprise\/lact\/wp-json\/wp\/v2\/comments?post=4356"}],"version-history":[{"count":3,"href":"https:\/\/centers.ulbsibiu.ro\/ccsprise\/lact\/wp-json\/wp\/v2\/posts\/4356\/revisions"}],"predecessor-version":[{"id":4359,"href":"https:\/\/centers.ulbsibiu.ro\/ccsprise\/lact\/wp-json\/wp\/v2\/posts\/4356\/revisions\/4359"}],"wp:attachment":[{"href":"https:\/\/centers.ulbsibiu.ro\/ccsprise\/lact\/wp-json\/wp\/v2\/media?parent=4356"}],"wp:term":[{"taxonomy":"category","embeddable":true,"href":"https:\/\/centers.ulbsibiu.ro\/ccsprise\/lact\/wp-json\/wp\/v2\/categories?post=4356"},{"taxonomy":"post_tag","embeddable":true,"href":"https:\/\/centers.ulbsibiu.ro\/ccsprise\/lact\/wp-json\/wp\/v2\/tags?post=4356"}],"curies":[{"name":"wp","href":"https:\/\/api.w.org\/{rel}","templated":true}]}}