{"id":4354,"date":"2018-03-01T21:57:29","date_gmt":"2018-03-01T19:57:29","guid":{"rendered":"https:\/\/centers.ulbsibiu.ro\/ccsprise\/lact\/?p=4354"},"modified":"2018-03-01T21:57:29","modified_gmt":"2018-03-01T19:57:29","slug":"gov-md-tiraspolul-a-reconfirmat-ca-va-construi-un-asa-numit-terminal-vamal-in-satul-bacioc","status":"publish","type":"post","link":"https:\/\/centers.ulbsibiu.ro\/ccsprise\/lact\/gov-md-tiraspolul-a-reconfirmat-ca-va-construi-un-asa-numit-terminal-vamal-in-satul-bacioc\/","title":{"rendered":"Gov.md &#8211; Tiraspolul a reconfirmat c\u0103 va construi un a\u0219a-numit \u201eterminal vamal\u201d \u00een satul B\u00e2cioc"},"content":{"rendered":"<div class=\"panel-pane pane-views-panes pane-media-gallery-panel-pane-6 media-slider\">\n<div class=\"pane-content\">\n<div class=\"view view-media-gallery view-id-media_gallery view-display-id-panel_pane_6 view-dom-id-4c0719140869426b53120e5fa2e9c8ee\">\n<div class=\"view-content\">\n<div class=\"skin-default views-slideshow-cycle-processed\">\n<div class=\"views-slideshow-controls-bottom clearfix\">\n<div id=\"views_slideshow_controls_text_media_gallery-panel_pane_6_1\" class=\"views-slideshow-controls-text views_slideshow_controls_text\">La \u0219edin\u021ba Comisiei Unificate de Control din 01 martie curent, care s-a desf\u0103\u0219urat \u00een or.Bender \u0219i a fost condus\u0103 de delega\u0163ia transnistrean\u0103, au fost confirma\u021bi \u00een func\u021bia de observatori militari din partea Federa\u021biei Ruse maiorul Alexandr Poperecin\u00e2i, maiorul Dmitrii Konev \u0219i c\u0103pitanul Alen Gvozdev.<\/div>\n<\/div>\n<\/div>\n<\/div>\n<\/div>\n<\/div>\n<\/div>\n<div class=\"panel-pane pane-entity-field pane-node-body press-release\">\n<div class=\"pane-content\">\n<div class=\"field field-name-body field-type-text-with-summary field-label-hidden\">\n<div class=\"field-items\">\n<div class=\"field-item even\">\n<p>De asemenea, Comisia a audiat \u0219i a aprobat rapoartele s\u0103pt\u0103m\u00e2nale ale Comandamentului Militar \u00centrunit (CM\u00ce) privind situa\u0163ia \u00een Zona de Securitate pe perioada 14-20 \u0219i 21-27 februarie 2018.<\/p>\n<p>Delega\u0163ia Republicii Moldova \u00een CUC a anun\u021bat componentele Comisiei despre organizarea \u015fi desf\u0103\u0219urarea pe 02 martie curent a evenimentelor consacrate comemor\u0103rii \u00eenceputului ac\u0163iunilor de lupt\u0103 pentru ap\u0103rarea integrit\u0103\u021bii \u015fi independen\u021bei Republicii Moldova \u015fi a chemat structurile de drept ale p\u0103r\u021bilor, \u00een interac\u0163iune cu reprezentan\u0163ii for\u0163elor mixte de pacificare, s\u0103 asigure ordinea public\u0103 \u00een localit\u0103\u021bile din Zona de Securitate.<\/p>\n<p>\u00cen cadrul \u0219edin\u021bei a fost abordat\u0103 din nou problema edific\u0103rii de c\u0103tre partea transnistrean\u0103 a posturilor de control \u00een preajma podului dintre localit\u0103\u021bile Gura B\u00e2cului \u0219i B\u00e2cioc. \u00cen pofida propunerilor conduc\u0103torului delega\u0163iei Federa\u0163iei Ruse \u0219i ale reprezentantului Ucrainei \u00een CUC \u0219i CM\u00ce menite s\u0103 contribuie la asigurarea liberei circula\u021bii pe acest pod, delega\u021bia transnistrean\u0103 a refuzat s\u0103 prezinte careva garan\u021bii privind ab\u021binerea de la ac\u021biuni unilaterale \u0219i necoordonate cu CUC, a respins propunerile constructive propuse de mediatori, confirm\u00e2nd prin declara\u021biile co-pre\u0219edintelui Oleg Beleakov, c\u0103 pretinsele structuri din regiune inten\u021bioneaz\u0103 s\u0103 extind\u0103 infrastructura \u0219i s\u0103 construiasc\u0103 un a\u0219a-numit \u201eterminal vamal\u201d \u00een s. B\u00e2cioc, unde vor fi antrena\u021bi reprezentan\u021bi ai autoproclamatelor structuri de for\u021b\u0103: \u201dgr\u0103niceri\u201d, \u201dvame\u0219i\u201d, \u201dmili\u021bieni\u201d etc.<\/p>\n<p>Delega\u021bia Republicii Moldova \u00een CUC \u0219i-a exprimat repetat \u00eengrijorarea fa\u021b\u0103 de inten\u021biile a.n. structuri de for\u021b\u0103 de la Tiraspol, men\u021bion\u00e2nd c\u0103 acestea vor duce la tensionarea situa\u021biei \u00een zona de responsabilitate a for\u021belor de pacificare \u0219i vor crea noi impedimente \u00een libera circula\u021bie a persoanelor de pe ambele maluri ale r. Nistru.<\/p>\n<p>Urm\u0103toarea \u015fedin\u0163\u0103 a Comisiei va avea loc pe data de 15 martie 2018.<\/p>\n<p>&nbsp;<\/p>\n<p><strong>Delega\u021bia Republicii Moldova \u00een CUC<\/strong><\/p>\n<\/div>\n<p>Sursa:<\/p>\n<p><a href=\"http:\/\/gov.md\/ro\/content\/tiraspolul-reconfirmat-ca-va-construi-un-asa-numit-terminal-vamal-satul-bacioc\">http:\/\/gov.md\/ro\/content\/tiraspolul-reconfirmat-ca-va-construi-un-asa-numit-terminal-vamal-satul-bacioc<\/a><\/p>\n<\/div>\n<\/div>\n<\/div>\n<\/div>\n","protected":false},"excerpt":{"rendered":"<p>La \u0219edin\u021ba Comisiei Unificate de Control din 01 martie curent, care s-a desf\u0103\u0219urat \u00een or.Bender \u0219i a fost condus\u0103 de delega\u0163ia transnistrean\u0103, au fost confirma\u021bi \u00een func\u021bia de observatori militari din partea Federa\u021biei Ruse maiorul Alexandr Poperecin\u00e2i, maiorul Dmitrii Konev \u0219i c\u0103pitanul Alen Gvozdev. De asemenea, Comisia a audiat \u0219i a aprobat rapoartele s\u0103pt\u0103m\u00e2nale ale&#8230;<\/p>\n","protected":false},"author":2,"featured_media":0,"comment_status":"closed","ping_status":"open","sticky":false,"template":"","format":"standard","meta":[],"categories":[1],"tags":[],"_links":{"self":[{"href":"https:\/\/centers.ulbsibiu.ro\/ccsprise\/lact\/wp-json\/wp\/v2\/posts\/4354"}],"collection":[{"href":"https:\/\/centers.ulbsibiu.ro\/ccsprise\/lact\/wp-json\/wp\/v2\/posts"}],"about":[{"href":"https:\/\/centers.ulbsibiu.ro\/ccsprise\/lact\/wp-json\/wp\/v2\/types\/post"}],"author":[{"embeddable":true,"href":"https:\/\/centers.ulbsibiu.ro\/ccsprise\/lact\/wp-json\/wp\/v2\/users\/2"}],"replies":[{"embeddable":true,"href":"https:\/\/centers.ulbsibiu.ro\/ccsprise\/lact\/wp-json\/wp\/v2\/comments?post=4354"}],"version-history":[{"count":1,"href":"https:\/\/centers.ulbsibiu.ro\/ccsprise\/lact\/wp-json\/wp\/v2\/posts\/4354\/revisions"}],"predecessor-version":[{"id":4355,"href":"https:\/\/centers.ulbsibiu.ro\/ccsprise\/lact\/wp-json\/wp\/v2\/posts\/4354\/revisions\/4355"}],"wp:attachment":[{"href":"https:\/\/centers.ulbsibiu.ro\/ccsprise\/lact\/wp-json\/wp\/v2\/media?parent=4354"}],"wp:term":[{"taxonomy":"category","embeddable":true,"href":"https:\/\/centers.ulbsibiu.ro\/ccsprise\/lact\/wp-json\/wp\/v2\/categories?post=4354"},{"taxonomy":"post_tag","embeddable":true,"href":"https:\/\/centers.ulbsibiu.ro\/ccsprise\/lact\/wp-json\/wp\/v2\/tags?post=4354"}],"curies":[{"name":"wp","href":"https:\/\/api.w.org\/{rel}","templated":true}]}}