{"id":4351,"date":"2018-03-01T19:25:12","date_gmt":"2018-03-01T17:25:12","guid":{"rendered":"https:\/\/centers.ulbsibiu.ro\/ccsprise\/lact\/?p=4351"},"modified":"2018-03-01T19:26:01","modified_gmt":"2018-03-01T17:26:01","slug":"gov-md-precizari-aditionale-pe-marginea-subiectului-autovehiculelor-din-regiunea-transnistreana","status":"publish","type":"post","link":"https:\/\/centers.ulbsibiu.ro\/ccsprise\/lact\/gov-md-precizari-aditionale-pe-marginea-subiectului-autovehiculelor-din-regiunea-transnistreana\/","title":{"rendered":"Gov.md &#8211; Preciz\u0103ri adi\u021bionale pe marginea subiectului autovehiculelor din regiunea transnistrean\u0103"},"content":{"rendered":"<p>Referitor la tema autovehiculelor din regiunea transnistrean\u0103 abordat recent \u00een cadrul mai multor reuniuni ale grupurilor de lucru pentru dezvoltarea transportului auto \u0219i infrastructurii drumurilor, cu participarea reprezentan\u021bilor politici din partea Chi\u0219in\u0103ului \u0219i Tiraspolului \u0219i a participan\u021bilor \u00een formatul de negocieri \u201e5+2\u201d, Biroul politici de reintegrare intervine cu urm\u0103toarele preciz\u0103ri pentru partenerii interna\u021bionali \u0219i pentru subiec\u021bii interesa\u021bi.<\/p>\n<p>\u00cen procesul de negocieri, partea moldoveneasc\u0103 a acceptat propunerea p\u0103r\u021bii transnistrene de a fi prolongat termenul de discutare \u0219i de coordonare a unui mecanism de admitere \u00een traficul rutier interna\u021bional a mijloacelor de transport din regiunea transnistrean\u0103, reie\u0219ind din faptul c\u0103 mecanismul este unul complex, necesit\u0103 timp, eforturi de elaborare a unui document calitativ \u0219i func\u021bional.<\/p>\n<p>Chi\u0219in\u0103ul va depune eforturile necesare pentru ca mecanismul \u00een cauz\u0103 s\u0103 fie unul tehnic, viabil \u0219i explicit, cu respectarea standardelor interna\u021bionale \u00een domeniu \u0219i a cerin\u021belor privind asigurarea securit\u0103\u021bii \u00een trafic.<\/p>\n<p>De asemenea, p\u0103r\u021bile au convenit s\u0103 asigure continuitatea procesului ini\u021biat, s\u0103 se \u00eentruneasc\u0103 \u00een \u0219edin\u021be regulate \u0219i s\u0103 implice expertiza necesar\u0103 din partea speciali\u0219tilor de profil de pe ambele maluri ale Nistrului, cu men\u021binerea unei interac\u021biuni productive \u00een cadrul grupurilor de lucru pentru dezvoltarea transportului auto \u0219i infrastructurii drumurilor, care urmeaz\u0103 s\u0103 se convoace \u00een timpul apropiat.<\/p>\n<p>Sursa:<\/p>\n<p><a href=\"http:\/\/gov.md\/ro\/content\/precizari-aditionale-pe-marginea-subiectului-autovehiculelor-din-regiunea-transnistreana\">http:\/\/gov.md\/ro\/content\/precizari-aditionale-pe-marginea-subiectului-autovehiculelor-din-regiunea-transnistreana<\/a><\/p>\n","protected":false},"excerpt":{"rendered":"<p>Referitor la tema autovehiculelor din regiunea transnistrean\u0103 abordat recent \u00een cadrul mai multor reuniuni ale grupurilor de lucru pentru dezvoltarea transportului auto \u0219i infrastructurii drumurilor, cu participarea reprezentan\u021bilor politici din partea Chi\u0219in\u0103ului \u0219i Tiraspolului \u0219i a participan\u021bilor \u00een formatul de negocieri \u201e5+2\u201d, Biroul politici de reintegrare intervine cu urm\u0103toarele preciz\u0103ri pentru partenerii interna\u021bionali \u0219i pentru&#8230;<\/p>\n","protected":false},"author":2,"featured_media":0,"comment_status":"closed","ping_status":"open","sticky":false,"template":"","format":"standard","meta":[],"categories":[1],"tags":[],"_links":{"self":[{"href":"https:\/\/centers.ulbsibiu.ro\/ccsprise\/lact\/wp-json\/wp\/v2\/posts\/4351"}],"collection":[{"href":"https:\/\/centers.ulbsibiu.ro\/ccsprise\/lact\/wp-json\/wp\/v2\/posts"}],"about":[{"href":"https:\/\/centers.ulbsibiu.ro\/ccsprise\/lact\/wp-json\/wp\/v2\/types\/post"}],"author":[{"embeddable":true,"href":"https:\/\/centers.ulbsibiu.ro\/ccsprise\/lact\/wp-json\/wp\/v2\/users\/2"}],"replies":[{"embeddable":true,"href":"https:\/\/centers.ulbsibiu.ro\/ccsprise\/lact\/wp-json\/wp\/v2\/comments?post=4351"}],"version-history":[{"count":2,"href":"https:\/\/centers.ulbsibiu.ro\/ccsprise\/lact\/wp-json\/wp\/v2\/posts\/4351\/revisions"}],"predecessor-version":[{"id":4353,"href":"https:\/\/centers.ulbsibiu.ro\/ccsprise\/lact\/wp-json\/wp\/v2\/posts\/4351\/revisions\/4353"}],"wp:attachment":[{"href":"https:\/\/centers.ulbsibiu.ro\/ccsprise\/lact\/wp-json\/wp\/v2\/media?parent=4351"}],"wp:term":[{"taxonomy":"category","embeddable":true,"href":"https:\/\/centers.ulbsibiu.ro\/ccsprise\/lact\/wp-json\/wp\/v2\/categories?post=4351"},{"taxonomy":"post_tag","embeddable":true,"href":"https:\/\/centers.ulbsibiu.ro\/ccsprise\/lact\/wp-json\/wp\/v2\/tags?post=4351"}],"curies":[{"name":"wp","href":"https:\/\/api.w.org\/{rel}","templated":true}]}}