{"id":4349,"date":"2018-03-01T19:23:13","date_gmt":"2018-03-01T17:23:13","guid":{"rendered":"https:\/\/centers.ulbsibiu.ro\/ccsprise\/lact\/?p=4349"},"modified":"2018-03-01T19:23:13","modified_gmt":"2018-03-01T17:23:13","slug":"gov-md-la-tiraspol-a-avut-loc-sedinta-ordinara-a-grupurilor-de-lucru-pentru-educatie","status":"publish","type":"post","link":"https:\/\/centers.ulbsibiu.ro\/ccsprise\/lact\/gov-md-la-tiraspol-a-avut-loc-sedinta-ordinara-a-grupurilor-de-lucru-pentru-educatie\/","title":{"rendered":"Gov.md &#8211; La Tiraspol a avut loc \u015fedin\u0163a ordinar\u0103 a grupurilor de lucru pentru educa\u0163ie"},"content":{"rendered":"<p>Ast\u0103zi, 28 februarie 2018, la sediul Misiunii OSCE din Tiraspol a avut loc \u0219edin\u021ba ordinar\u0103 a grupurilor de lucru pentru educa\u021bie, cu participarea reprezentan\u021bilor din cadrul formatului de negocieri \u201e5+2\u201d. Delega\u021bia din partea Chi\u0219in\u0103ului a fost condus\u0103 de Igor \u0218arov, Secretar General de Stat la Ministerul Educa\u021biei, Culturii \u0219i Cercet\u0103rii.<\/p>\n<p>Partea moldoveneasc\u0103 a men\u021bionat faptul c\u0103 \u00een vederea realiz\u0103rii angajamentelor convenite pe 25 noiembrie 2017 la nivelul reprezentan\u021bilor politici \u00een procesul de negocieri pentru reglementarea transnistrean\u0103, prin Hot\u0103r\u00e2rea Guvernului cu nr.138 din 07.02.2018 ,,Cu privire la completarea punctului 9 din Regulamentul privind aplicarea apostilei\u201d a fost instituit cadrul normativ necesar \u00een vederea apostil\u0103rii actelor de studii eliberate de Universitatea \u201cTaras \u0218evcenco\u201d din Tiraspol. \u00cen acest sens, reprezentantul Ministerului Justi\u021biei din Republica Moldova a expus procedura \u0219i pa\u0219ii concre\u021bi ce urmeaz\u0103 a fi \u00eentreprin\u0219i de c\u0103tre absolven\u021bii institu\u021biei de \u00eenv\u0103\u021b\u0103m\u00e2nt men\u021bionate pentru a ob\u021bine apostila.<\/p>\n<p>\u00cen cadrul \u0219edin\u021bei s-a vorbit \u0219i despre evolu\u021biile \u00eenregistrate \u00een implementarea prevederilor Deciziei protocolare privind func\u021bionarea \u0219colilor moldovene\u0219ti cu predare \u00een grafia latin\u0103 din regiunea transnistrean\u0103.<\/p>\n<p>Totodat\u0103, discu\u021biile s-au axat \u0219i pe problema deplas\u0103rii elevilor din institu\u021biile de \u00eenv\u0103\u021b\u0103m\u00e2nt din raionul Dub\u0103sari, \u00een scopul particip\u0103rii la diferite activit\u0103\u021bi educa\u021bionale de nivel raional.P\u0103r\u021bile au convenit s\u0103 men\u021bin\u0103 dialogul \u0219i activitatea dinamic\u0103 a grupului de lucru pentru educa\u021bie.<\/p>\n<p>Sursa:<\/p>\n<p><a href=\"http:\/\/gov.md\/ro\/content\/la-tiraspol-avut-loc-sedinta-ordinara-grupurilor-de-lucru-pentru-educatie\">http:\/\/gov.md\/ro\/content\/la-tiraspol-avut-loc-sedinta-ordinara-grupurilor-de-lucru-pentru-educatie<\/a><\/p>\n","protected":false},"excerpt":{"rendered":"<p>Ast\u0103zi, 28 februarie 2018, la sediul Misiunii OSCE din Tiraspol a avut loc \u0219edin\u021ba ordinar\u0103 a grupurilor de lucru pentru educa\u021bie, cu participarea reprezentan\u021bilor din cadrul formatului de negocieri \u201e5+2\u201d. Delega\u021bia din partea Chi\u0219in\u0103ului a fost condus\u0103 de Igor \u0218arov, Secretar General de Stat la Ministerul Educa\u021biei, Culturii \u0219i Cercet\u0103rii. Partea moldoveneasc\u0103 a men\u021bionat faptul&#8230;<\/p>\n","protected":false},"author":2,"featured_media":0,"comment_status":"closed","ping_status":"open","sticky":false,"template":"","format":"standard","meta":[],"categories":[1],"tags":[],"_links":{"self":[{"href":"https:\/\/centers.ulbsibiu.ro\/ccsprise\/lact\/wp-json\/wp\/v2\/posts\/4349"}],"collection":[{"href":"https:\/\/centers.ulbsibiu.ro\/ccsprise\/lact\/wp-json\/wp\/v2\/posts"}],"about":[{"href":"https:\/\/centers.ulbsibiu.ro\/ccsprise\/lact\/wp-json\/wp\/v2\/types\/post"}],"author":[{"embeddable":true,"href":"https:\/\/centers.ulbsibiu.ro\/ccsprise\/lact\/wp-json\/wp\/v2\/users\/2"}],"replies":[{"embeddable":true,"href":"https:\/\/centers.ulbsibiu.ro\/ccsprise\/lact\/wp-json\/wp\/v2\/comments?post=4349"}],"version-history":[{"count":1,"href":"https:\/\/centers.ulbsibiu.ro\/ccsprise\/lact\/wp-json\/wp\/v2\/posts\/4349\/revisions"}],"predecessor-version":[{"id":4350,"href":"https:\/\/centers.ulbsibiu.ro\/ccsprise\/lact\/wp-json\/wp\/v2\/posts\/4349\/revisions\/4350"}],"wp:attachment":[{"href":"https:\/\/centers.ulbsibiu.ro\/ccsprise\/lact\/wp-json\/wp\/v2\/media?parent=4349"}],"wp:term":[{"taxonomy":"category","embeddable":true,"href":"https:\/\/centers.ulbsibiu.ro\/ccsprise\/lact\/wp-json\/wp\/v2\/categories?post=4349"},{"taxonomy":"post_tag","embeddable":true,"href":"https:\/\/centers.ulbsibiu.ro\/ccsprise\/lact\/wp-json\/wp\/v2\/tags?post=4349"}],"curies":[{"name":"wp","href":"https:\/\/api.w.org\/{rel}","templated":true}]}}