{"id":4344,"date":"2018-03-01T19:14:26","date_gmt":"2018-03-01T17:14:26","guid":{"rendered":"https:\/\/centers.ulbsibiu.ro\/ccsprise\/lact\/?p=4344"},"modified":"2018-03-01T19:14:26","modified_gmt":"2018-03-01T17:14:26","slug":"10tv-md-tiraspolul-a-inasprit-legea-cu-privire-la-recrutare-viitorii-militari-sunt-luati-pe-sus","status":"publish","type":"post","link":"https:\/\/centers.ulbsibiu.ro\/ccsprise\/lact\/10tv-md-tiraspolul-a-inasprit-legea-cu-privire-la-recrutare-viitorii-militari-sunt-luati-pe-sus\/","title":{"rendered":"10tv.md &#8211; Tiraspolul a \u00een\u0103sprit Legea cu privire la recrutare. Viitorii militari sunt lua\u021bi \u201dpe sus\u201d"},"content":{"rendered":"<p><span style=\"color: #000000;\">Liderul autoproclamatei RMN, Vadim Krasnoselski, a semnat ast\u0103zi modific\u0103rile la Legea cu privire la recrutarea \u00een for\u0163ele armate, care prev\u0103d mai multe \u00een\u0103spriri, transmite Moldpres cu referire la surse electronice.<\/span><\/p>\n<p><span style=\"color: #000000;\">Potrivit modific\u0103rilor, votate recent de a\u015fa-numitul soviet suprem de la Tiraspol,\u00a0eviden\u0163a recru\u0163ilor se va efectua de c\u0103tre comisariatele militare nu doar la domiciliu, ci \u015fi la locul real de trai, \u00een cazul \u00een care durata de \u015federe dep\u0103\u015fe\u015fte termenul de trei luni. Anterior, comisariatele militare din regiune efectuau aceast\u0103 eviden\u0163\u0103\u00a0 \u00een exclusivitate la locul indicat de viza de re\u015fedin\u0163\u0103 din pa\u015fapoarte.<\/span><\/p>\n<p><span style=\"color: #000000;\">Potrivit autorilor modific\u0103rilor, scopul acestora const\u0103 \u00een \u201cefectuarea unui control mai eficient al resurselor de mobilizare\u201d.<\/span><\/p>\n<p><span style=\"color: #000000;\">Tot ast\u0103zi, la o \u015fedin\u0163\u0103 de la pretinsul minister al ap\u0103r\u0103rii din rmn, Krasnoselski a declarat c\u0103 \u201cap\u0103rarea \u015fi securitatea rmn r\u0103m\u00een a fi prioritare \u00een activitatea organelor puterii de stat \u015fi celor administrative\u201d. De asemenea, la \u00eentrunire au fost schi\u0163ate obiective \u015fi m\u0103suri menite s\u0103 consolideze capacitatea de ap\u0103rare a a\u015fa-numitei republici moldovene\u015fti nistrene.<\/span><\/p>\n<p>Sursa:<\/p>\n<p><a href=\"http:\/\/10tv.md\/2018\/03\/01\/tiraspolul-inasprit-legea-cu-privire-la-recrutare-viitorii-militari-sunt-luati-pe-sus\/\">http:\/\/10tv.md\/2018\/03\/01\/tiraspolul-inasprit-legea-cu-privire-la-recrutare-viitorii-militari-sunt-luati-pe-sus\/<\/a><\/p>\n<p>&nbsp;<\/p>\n","protected":false},"excerpt":{"rendered":"<p>Liderul autoproclamatei RMN, Vadim Krasnoselski, a semnat ast\u0103zi modific\u0103rile la Legea cu privire la recrutarea \u00een for\u0163ele armate, care prev\u0103d mai multe \u00een\u0103spriri, transmite Moldpres cu referire la surse electronice. Potrivit modific\u0103rilor, votate recent de a\u015fa-numitul soviet suprem de la Tiraspol,\u00a0eviden\u0163a recru\u0163ilor se va efectua de c\u0103tre comisariatele militare nu doar la domiciliu, ci \u015fi&#8230;<\/p>\n","protected":false},"author":2,"featured_media":0,"comment_status":"closed","ping_status":"open","sticky":false,"template":"","format":"standard","meta":[],"categories":[1],"tags":[],"_links":{"self":[{"href":"https:\/\/centers.ulbsibiu.ro\/ccsprise\/lact\/wp-json\/wp\/v2\/posts\/4344"}],"collection":[{"href":"https:\/\/centers.ulbsibiu.ro\/ccsprise\/lact\/wp-json\/wp\/v2\/posts"}],"about":[{"href":"https:\/\/centers.ulbsibiu.ro\/ccsprise\/lact\/wp-json\/wp\/v2\/types\/post"}],"author":[{"embeddable":true,"href":"https:\/\/centers.ulbsibiu.ro\/ccsprise\/lact\/wp-json\/wp\/v2\/users\/2"}],"replies":[{"embeddable":true,"href":"https:\/\/centers.ulbsibiu.ro\/ccsprise\/lact\/wp-json\/wp\/v2\/comments?post=4344"}],"version-history":[{"count":1,"href":"https:\/\/centers.ulbsibiu.ro\/ccsprise\/lact\/wp-json\/wp\/v2\/posts\/4344\/revisions"}],"predecessor-version":[{"id":4345,"href":"https:\/\/centers.ulbsibiu.ro\/ccsprise\/lact\/wp-json\/wp\/v2\/posts\/4344\/revisions\/4345"}],"wp:attachment":[{"href":"https:\/\/centers.ulbsibiu.ro\/ccsprise\/lact\/wp-json\/wp\/v2\/media?parent=4344"}],"wp:term":[{"taxonomy":"category","embeddable":true,"href":"https:\/\/centers.ulbsibiu.ro\/ccsprise\/lact\/wp-json\/wp\/v2\/categories?post=4344"},{"taxonomy":"post_tag","embeddable":true,"href":"https:\/\/centers.ulbsibiu.ro\/ccsprise\/lact\/wp-json\/wp\/v2\/tags?post=4344"}],"curies":[{"name":"wp","href":"https:\/\/api.w.org\/{rel}","templated":true}]}}