{"id":4339,"date":"2018-02-28T18:54:05","date_gmt":"2018-02-28T16:54:05","guid":{"rendered":"https:\/\/centers.ulbsibiu.ro\/ccsprise\/lact\/?p=4339"},"modified":"2020-06-12T15:49:01","modified_gmt":"2020-06-12T13:49:01","slug":"europalibera-org-leonid-litra-pentru-ca-ucraina-sa-ajute-moldova-trebuie-sa-vrea","status":"publish","type":"post","link":"https:\/\/centers.ulbsibiu.ro\/ccsprise\/lact\/europalibera-org-leonid-litra-pentru-ca-ucraina-sa-ajute-moldova-trebuie-sa-vrea\/","title":{"rendered":"Europalibera.org &#8211; Leonid Litra: \u201ePentru ca Ucraina s\u0103 ajute, Moldova trebuie s\u0103 vrea\u201d"},"content":{"rendered":"<p><a title=\"Valentina Ursu\" href=\"https:\/\/www.europalibera.org\/author\/20537.html\">Valentina Ursu<\/a><\/p>\n<div class=\"intro content-offset\">\n<p>\u00cen dialog cu un expert de la Kiev despre contextul regional \u0219i reglementarea transnistrean\u0103.<\/p>\n<\/div>\n<div>\n<div class=\"wsw\">\n<p><em>Situa\u021bia din Ucraina este \u00een continuare \u00een aten\u021bia lumii politice interna\u021bionale \u0219i tensiunile par s\u0103 nu se domoleasc\u0103 \u00eentre Kiev \u021bi Moscova, ca \u0219i confrunt\u0103rile din estul separatist, sus\u021binut de Rusia. Valentina Ursu a stat de vorba cu expertul de la Kiev Leonid Litra despre evolu\u021biile din chestiunea transnistrean\u0103, \u00een acest context regional.<\/em><\/p>\n<p><strong>Europa Liber\u0103: S\u0103 pornim aceast\u0103 discu\u021bie afl\u00e2nd o p\u0103rere despre decizia Radei Supreme de la Kiev, care a votat c\u0103 armata rus\u0103 este armat\u0103 de ocupa\u021bie. Aceasta-i va ajuta guvern\u0103rii de la Kiev s\u0103 solu\u021bioneze problemele din estul \u021b\u0103rii?<\/strong><\/p>\n<p><strong>Leonid Litra:<\/strong> \u201eNu-i va ajuta s\u0103 solu\u021bioneze problemele \u00een mod nemijlocit, pentru c\u0103 este mai mult un gest simbolic sau un gest mai degrab\u0103 de asigurare c\u0103 nu vor putea fi schimb\u0103ri \u00een defavoarea Ucrainei \u00een cadrul legal ucrainean. V\u0103 dau un exemplu: legea din 2005 din Parlamentul Moldovei privind principiile solu\u021bion\u0103rii conflictului transnistrean a fost o lege care a creat un cadru \u00een care se poate rezolva conflictul transnistrean. A\u0219a e \u0219i cu\u2026<\/p>\n<p><strong>Europa Liber\u0103: A fost un consens atunci\u2026<\/strong><\/p>\n<p><strong>Leonid Litra:<\/strong> \u201eA fost un consens, da. \u00cen Ucraina n-a fost chiar un consens, dar este la fel v\u0103zut\u0103 \u00een mediul de oameni care se ocup\u0103 nemijlocit cu aceast\u0103 problem\u0103 este v\u0103zut\u0103 ca o asigurare \u00een plus c\u0103 nu vor putea fi luate decizii \u00een defavoarea Ucrainei atunci c\u00e2nd va exista poate un context interna\u021bional nu prea favorabil Ucrainei. Deci, e o barier\u0103 \u00een plus.\u201d<\/p>\n<p><strong>Europa Liber\u0103: Eu am auzit mai multe voci care sugerau c\u0103 \u0219i autorit\u0103\u021bile Republicii Moldova ar trebui s\u0103 procedeze asemenea Ucrainei, s\u0103 declare armata din st\u00e2nga Nistrului armat\u0103 rus\u0103 de ocupa\u021bie \u0219i astfel Rusia va fi for\u021bat\u0103 s\u0103 \u00eendeplineasc\u0103 poate chiar angajamentele pe care \u0219i le-a asumat chiar ea la summitul OSCE din \u201999 de la Istanbul.<\/strong><\/p>\n<p><strong>Leonid Litra:<\/strong> \u201eMie \u00eemi vine greu s\u0103 cred c\u0103 Rusia \u00ee\u0219i va schimba cumva decizia \u00een urma unei hot\u0103r\u00e2ri a Parlamentului Moldovei. Parlamentul Moldovei trebuie s\u0103 fac\u0103 acest lucru, probabil, ca s\u0103 fie \u00een armonie cu sine \u00eensu\u0219i, ca s\u0103 spun\u0103 un lucru pe care toat\u0103 lumea \u00eel cunoa\u0219te, doar c\u0103 nu cred c\u0103 va avea efecte practice. Rusia va fi nemul\u021bumit\u0103, va protesta, dar par\u021bial aceste lucruri s-au \u00eent\u00e2mplat \u00eentr-o anumit\u0103 form\u0103, nu foarte expres, dar v\u0103 aminti\u021bi decizia Cur\u021bii Constitu\u021bionale, care a spus anumite lucruri. Nu le-a spus poate p\u00e2n\u0103 la urm\u0103, dar a spus anumite puncte care trebuiau spuse.\u201d<\/p>\n<p><strong>Europa Liber\u0103: De ce, tot a spus c\u0103 armata rus\u0103 este armat\u0103 de ocupa\u021bie?<\/strong><\/p>\n<p><strong>Leonid Litra:<\/strong> \u201eExact. \u0218i asta a dat o apreciere juridic\u0103. Mai degrab\u0103, dac\u0103 se va da o apreciere politic\u0103 unanim\u0103 din partea Parlamentului; nu cred c\u0103 va fi unanim\u0103 \u00een virtutea faptului c\u0103 avem for\u021be politice care g\u00e2ndesc altfel, dar bine\u00een\u021beles c\u0103 ar fi un semnal mult mai puternic, pentru c\u0103 Moldova ba merge la ONU ca s\u0103 ob\u021bin\u0103 retragerea, ba se r\u0103zg\u00e2nde\u0219te. Eu \u00een\u021beleg c\u0103 poate acest proces are loc cumva din perspectiva faptului c\u0103 exist\u0103 ni\u0219te negocieri care nu sunt cunoscute spa\u021biului public.\u201d<\/p>\n<p><strong>Europa Liber\u0103: Dar sunt asemenea negocieri, se poart\u0103?<\/strong><\/p>\n<p><strong>Leonid Litra:<\/strong> \u201eEu g\u00e2ndesc c\u0103 sunt, pentru c\u0103 cum pot explica faptul c\u0103 Moldova \u00ee\u0219i dore\u0219te mai \u00eent\u00e2i discutarea \u00een cadrul ONU a retragerii trupelor de ocupa\u021bie ruse \u0219i dup\u0103 asta renun\u021b\u0103 la acest mesaj? Eu cred c\u0103 exist\u0103 undeva anumite discu\u021bii, al c\u0103ror con\u021binut e posibil s\u0103 nu-l cunoa\u0219tem noi.\u201d<\/p>\n<p><strong>Europa Liber\u0103: Tot mai multe p\u0103reri duc la faptul c\u0103 \u00een rezolvarea conflictului transnistrean e cel mai u\u0219or de ajuns la un deznod\u0103m\u00e2nt, pentru c\u0103 nu se aseam\u0103n\u0103 nici cu ceea ce e \u00een Georgia, nici cu ceea ce e \u00een Ucraina \u0219i, dac\u0103 s-ar crea un precedent, ar fi valabil \u0219i pentru celelalte dou\u0103 \u021b\u0103ri. Dvs. ce crede\u021bi?<\/strong><\/p>\n<p><strong>Leonid Litra:<\/strong> \u201eAceste conflicte, din p\u0103cate, au foarte multe \u00een comun \u0219i cel mai important element care este \u00een comun \u00een aceste conflicte este factorul rus. Nu cred c\u0103 f\u0103r\u0103 concursul Rusiei aceste conflicte ar fi avut loc. \u00cen al doilea r\u00e2nd, eu am observat o legitate, a\u0219 spune a\u0219a \u2013 cu c\u00e2t mai pu\u021bin oamenii cunosc conflictul transnistrean, am \u00een vedere inclusiv partenerii externi, cu at\u00e2t li se pare mai u\u0219oar\u0103 rezolvarea acestui conflict. C\u00e2nd se afl\u0103 dedesubturi, inclusiv legate de anumite interese de pe ambele maluri \u2013 de ce nu? \u2013, care sunt interesate s\u0103 men\u021bin\u0103 acest conflict, atunci c\u00e2nd se deschid aceste paranteze, solu\u021bionarea pare mai pu\u021bin probabil\u0103 \u0219i nu chiar at\u00e2t de posibil\u0103. S\u0103 vedem. La sf\u00e2r\u0219itul anului trecut au fost anumite progrese, dac\u0103 le putem spune a\u0219a, de\u0219i sunt interpretate \u00eentr-o manier\u0103 diferit\u0103 \u2013 unii spun c\u0103 este tr\u0103dare, al\u021bii spun c\u0103 este un pas \u00eenainte. Depinde cum privim aceste lucruri, dar Moldova, din p\u0103cate, chiar printre partenerii care noi credeam c\u0103 ar fi trebuit s\u0103 fie nu c\u0103 de partea noastr\u0103, dar de partea adev\u0103rului, sau cum a\u0219 spune eu, de partea Republicii Moldova, pentru c\u0103 Republica Moldova este victim\u0103 \u00een cazul respectiv. Am v\u0103zut parteneri externi care nu sprijin\u0103 pozi\u021bia Republicii Moldova.\u201d<\/p>\n<p>Cite\u0219te mai departe:<\/p>\n<p><a href=\"https:\/\/www.europalibera.org\/a\/interviu-leonid-litra\/29066228.html\">https:\/\/www.europalibera.org\/<\/a><\/p>\n<\/div>\n<\/div>\n","protected":false},"excerpt":{"rendered":"<p>Valentina Ursu \u00cen dialog cu un expert de la Kiev despre contextul regional \u0219i reglementarea transnistrean\u0103. Situa\u021bia din Ucraina este \u00een continuare \u00een aten\u021bia lumii politice interna\u021bionale \u0219i tensiunile par s\u0103 nu se domoleasc\u0103 \u00eentre Kiev \u021bi Moscova, ca \u0219i confrunt\u0103rile din estul separatist, sus\u021binut de Rusia. Valentina Ursu a stat de vorba cu expertul&#8230;<\/p>\n","protected":false},"author":2,"featured_media":0,"comment_status":"closed","ping_status":"open","sticky":false,"template":"","format":"standard","meta":[],"categories":[1],"tags":[],"_links":{"self":[{"href":"https:\/\/centers.ulbsibiu.ro\/ccsprise\/lact\/wp-json\/wp\/v2\/posts\/4339"}],"collection":[{"href":"https:\/\/centers.ulbsibiu.ro\/ccsprise\/lact\/wp-json\/wp\/v2\/posts"}],"about":[{"href":"https:\/\/centers.ulbsibiu.ro\/ccsprise\/lact\/wp-json\/wp\/v2\/types\/post"}],"author":[{"embeddable":true,"href":"https:\/\/centers.ulbsibiu.ro\/ccsprise\/lact\/wp-json\/wp\/v2\/users\/2"}],"replies":[{"embeddable":true,"href":"https:\/\/centers.ulbsibiu.ro\/ccsprise\/lact\/wp-json\/wp\/v2\/comments?post=4339"}],"version-history":[{"count":1,"href":"https:\/\/centers.ulbsibiu.ro\/ccsprise\/lact\/wp-json\/wp\/v2\/posts\/4339\/revisions"}],"predecessor-version":[{"id":4340,"href":"https:\/\/centers.ulbsibiu.ro\/ccsprise\/lact\/wp-json\/wp\/v2\/posts\/4339\/revisions\/4340"}],"wp:attachment":[{"href":"https:\/\/centers.ulbsibiu.ro\/ccsprise\/lact\/wp-json\/wp\/v2\/media?parent=4339"}],"wp:term":[{"taxonomy":"category","embeddable":true,"href":"https:\/\/centers.ulbsibiu.ro\/ccsprise\/lact\/wp-json\/wp\/v2\/categories?post=4339"},{"taxonomy":"post_tag","embeddable":true,"href":"https:\/\/centers.ulbsibiu.ro\/ccsprise\/lact\/wp-json\/wp\/v2\/tags?post=4339"}],"curies":[{"name":"wp","href":"https:\/\/api.w.org\/{rel}","templated":true}]}}