{"id":4337,"date":"2018-02-28T18:49:01","date_gmt":"2018-02-28T16:49:01","guid":{"rendered":"https:\/\/centers.ulbsibiu.ro\/ccsprise\/lact\/?p=4337"},"modified":"2018-02-28T18:49:01","modified_gmt":"2018-02-28T16:49:01","slug":"infotag-md-transnistria-este-interesata-sa-discute-cu-moldova-problematica-cooperarii-interbancare","status":"publish","type":"post","link":"https:\/\/centers.ulbsibiu.ro\/ccsprise\/lact\/infotag-md-transnistria-este-interesata-sa-discute-cu-moldova-problematica-cooperarii-interbancare\/","title":{"rendered":"Infotag.md &#8211; TRANSNISTRIA ESTE INTERESAT\u0102 S\u0102 DISCUTE CU MOLDOVA \u201ePROBLEMATICA COOPER\u0102RII INTERBANCARE\u201d"},"content":{"rendered":"<p>Partea transnistrean\u0103 este gata s\u0103 discute cu Moldova problematica cooper\u0103rii interbancare. Despre aceasta a declarat, mar\u021bi, pre\u0219edintele autoproclamatei RMN, Vadim Krasnoselski, la \u00eentrevederea cu o delega\u021bie condus\u0103 de Ambasadorul SUA \u00een Moldova, James Pettit.<\/p>\n<p>Potrivit agen\u021biei INFOTAG cu referire la site-ul liderului transnistrean, el a spus c\u0103 \u201eeconomia statului, \u00een general, este deschis\u0103 \u0219i transparent\u0103, dar exist\u0103 probleme legate de func\u021bionarea sistemului bancar, \u0219i anume cu conturile corespondente \u00een b\u0103ncile comerciale\u201d.<\/p>\n<p>El a men\u0163ionat c\u0103 s-a ajuns la un acord la nivelul reprezentan\u021bilor politici ai Transnistriei \u015fi Moldovei cu privire la reluarea activit\u0103\u021bii subgrupului de lucru de profil. Krasnoselski \u015fi-a exprimat speran\u021ba c\u0103 dialogul \u00een acest domeniu va fi \u201esubstan\u021bial, menit s\u0103 \u00eembun\u0103t\u0103\u021beasc\u0103 situa\u021bia agen\u021bilor economici transnistreni care sunt activi \u0219i, cel mai important, sunt participan\u021bi de bun\u0103-credin\u0163\u0103 la activitatea economic\u0103 extern\u0103\u201d.<\/p>\n<p>Referindu-se la realiz\u0103rile procesului de negocieri, el a spus c\u0103 p\u00e2n\u0103 \u00een prezent \u201ea fost rezolvat\u0103 problema func\u021bion\u0103rii \u0219colilor moldovene\u0219ti de pe teritoriul Transnistriei cu predare \u00een grafia latin\u0103, precum \u0219i se rezolv\u0103 problema utiliz\u0103rii terenurilor agricole din raionul Dub\u0103sari al RMN (p\u0103r\u021bile au f\u0103cut schimb de liste ale utilizatorilor de terenuri)\u201d.<\/p>\n<p>\u201eM\u00e2ine va avea loc \u0219edin\u021ba grupurilor de exper\u021bi, dedicat\u0103 apostil\u0103rii diplomelor transnistrene de \u00eenv\u0103\u021b\u0103m\u00e2nt superior: se a\u0219teapt\u0103 ca partea moldoveneasc\u0103 s\u0103 \u00ee\u0219i prezinte punctul de vedere asupra acestui mecanism. Continu\u0103 \u0219i lucrul \u00een domeniul telecomunica\u021biilor\u201d, a comunicat liderul de la Tiraspol.<\/p>\n<p>Printre probleme actuale care urmeaz\u0103 a fi rezolvate, el a numit \u201esubiectul transportului, deblocarea sta\u0163iei feroviare \u201eSlobodka\u201d, \u00eencetarea cauzelor penale motivate politic\u201d.<\/p>\n<p>Sursa:<\/p>\n<p>http:\/\/www.infotag.md\/rebelion-ro\/260164\/<\/p>\n","protected":false},"excerpt":{"rendered":"<p>Partea transnistrean\u0103 este gata s\u0103 discute cu Moldova problematica cooper\u0103rii interbancare. Despre aceasta a declarat, mar\u021bi, pre\u0219edintele autoproclamatei RMN, Vadim Krasnoselski, la \u00eentrevederea cu o delega\u021bie condus\u0103 de Ambasadorul SUA \u00een Moldova, James Pettit. Potrivit agen\u021biei INFOTAG cu referire la site-ul liderului transnistrean, el a spus c\u0103 \u201eeconomia statului, \u00een general, este deschis\u0103 \u0219i transparent\u0103,&#8230;<\/p>\n","protected":false},"author":2,"featured_media":0,"comment_status":"closed","ping_status":"open","sticky":false,"template":"","format":"standard","meta":[],"categories":[1],"tags":[],"_links":{"self":[{"href":"https:\/\/centers.ulbsibiu.ro\/ccsprise\/lact\/wp-json\/wp\/v2\/posts\/4337"}],"collection":[{"href":"https:\/\/centers.ulbsibiu.ro\/ccsprise\/lact\/wp-json\/wp\/v2\/posts"}],"about":[{"href":"https:\/\/centers.ulbsibiu.ro\/ccsprise\/lact\/wp-json\/wp\/v2\/types\/post"}],"author":[{"embeddable":true,"href":"https:\/\/centers.ulbsibiu.ro\/ccsprise\/lact\/wp-json\/wp\/v2\/users\/2"}],"replies":[{"embeddable":true,"href":"https:\/\/centers.ulbsibiu.ro\/ccsprise\/lact\/wp-json\/wp\/v2\/comments?post=4337"}],"version-history":[{"count":1,"href":"https:\/\/centers.ulbsibiu.ro\/ccsprise\/lact\/wp-json\/wp\/v2\/posts\/4337\/revisions"}],"predecessor-version":[{"id":4338,"href":"https:\/\/centers.ulbsibiu.ro\/ccsprise\/lact\/wp-json\/wp\/v2\/posts\/4337\/revisions\/4338"}],"wp:attachment":[{"href":"https:\/\/centers.ulbsibiu.ro\/ccsprise\/lact\/wp-json\/wp\/v2\/media?parent=4337"}],"wp:term":[{"taxonomy":"category","embeddable":true,"href":"https:\/\/centers.ulbsibiu.ro\/ccsprise\/lact\/wp-json\/wp\/v2\/categories?post=4337"},{"taxonomy":"post_tag","embeddable":true,"href":"https:\/\/centers.ulbsibiu.ro\/ccsprise\/lact\/wp-json\/wp\/v2\/tags?post=4337"}],"curies":[{"name":"wp","href":"https:\/\/api.w.org\/{rel}","templated":true}]}}