{"id":4335,"date":"2018-02-28T18:41:29","date_gmt":"2018-02-28T16:41:29","guid":{"rendered":"https:\/\/centers.ulbsibiu.ro\/ccsprise\/lact\/?p=4335"},"modified":"2018-02-28T18:41:29","modified_gmt":"2018-02-28T16:41:29","slug":"agerpres-ro-dodon-vrea-ca-germania-sa-si-asume-un-rol-mai-important-in-reglementarea-conflictului-transnistrean","status":"publish","type":"post","link":"https:\/\/centers.ulbsibiu.ro\/ccsprise\/lact\/agerpres-ro-dodon-vrea-ca-germania-sa-si-asume-un-rol-mai-important-in-reglementarea-conflictului-transnistrean\/","title":{"rendered":"Agerpres.ro &#8211; Dodon vrea ca Germania s\u0103-\u015fi asume un rol mai important \u00een reglementarea conflictului transnistrean"},"content":{"rendered":"<p>Pre\u015fedintele Republicii Moldova, Igor Dodon, vrea ca Germania s\u0103-\u015fi asume un rol mai important \u00een reglementarea vechiului conflict \u00eenghe\u0163at din regiunea separatist\u0103 Transnistria, relateaz\u0103 miercuri dpa.<\/p>\n<p>&#8220;Germania ar trebui s\u0103 adopte o pozi\u0163ie activ\u0103 \u00een vederea rezolv\u0103rii acestei probleme&#8221;, a declarat Dodon pentru dpa \u00eenaintea vizitei pe care o efectueaz\u0103 joi la Berlin.<\/p>\n<p>&#8220;Germania este un lider \u00een Uniunea European\u0103 \u015fi este profund implicat\u0103 \u00een leg\u0103tur\u0103 cu acest subiect&#8221;, a mai spus pre\u015fedintele moldovean, care \u015fi-a exprimat \u00een trecut inten\u0163ia de a acorda o mai mare autonomie Transnistriei.<\/p>\n<p>Transnistria, o f\u00e2\u015fie de p\u0103m\u00e2nt la grani\u0163a cu Ucraina, \u015fi-a declarat independen\u0163a fa\u0163\u0103 de fosta Republic\u0103 Sovietic\u0103 Socialist\u0103 Moldoveneasc\u0103, iar Rusia men\u0163ine \u00een regiune 1.200 de militari cu rol de men\u0163inere a p\u0103cii, \u00een baza unui vechi acord de \u00eencetare a focului.<\/p>\n<p>&#8220;Rusia \u015fi Occidentul au nevoie de o agend\u0103 comun\u0103 pentru aceast\u0103 regiune \u015fi de o poveste de succes comun\u0103&#8221;, a mai spus Igor Dodon \u00een interviul acordat \u00een capitala Republicii Moldova, Chi\u015fin\u0103u.<\/p>\n<p>&#8220;Este de datoria mea s\u0103-i conving pe partenerii no\u015ftri, inclusiv Germania, c\u0103 Moldova poate \u015fi trebuie s\u0103 fie aceast\u0103 poveste de succes. Dac\u0103 reu\u015fim, aceast\u0103 regiune poate deveni \u00een trei-patru ani un exemplu de cum pot fi rezolvate conflictele \u00eenghe\u0163ate postsovietice&#8221;, a ad\u0103ugat pre\u015fedintele moldovean.<\/p>\n<p>Ales acum un an \u015fi jum\u0103tate cu promisiunea de a \u00eent\u0103ri rela\u0163iile cu Rusia, Igor Dodon a intrat \u00een conflict cu oficiali favorabili Uniunii Europene \u00een leg\u0103tur\u0103 cu deciziile politice. \u00cen Germania, el are prev\u0103zute \u00eentrevederi cu reprezentan\u0163i ai st\u00e2ngii din parlament.<\/p>\n<p>AGERPRES\/(AS &#8211; autor: Mihaela Toth, editor: Tudor Martalogu, editor online: Irina Giurgiu)<\/p>\n<p>Sursa:\u00a0<a href=\"https:\/\/www.agerpres.ro\/politica-externa\/2018\/02\/28\/dodon-vrea-ca-germania-sa-si-asume-un-rol-mai-important-in-reglementarea-conflictului-transnistrean--64227\">https:\/\/www.agerpres.ro\/politica-externa\/2018\/02\/28\/dodon-vrea-ca-germania-sa-si-asume-un-rol-mai-important-in-reglementarea-conflictului-transnistrean&#8211;64227<\/a><\/p>\n","protected":false},"excerpt":{"rendered":"<p>Pre\u015fedintele Republicii Moldova, Igor Dodon, vrea ca Germania s\u0103-\u015fi asume un rol mai important \u00een reglementarea vechiului conflict \u00eenghe\u0163at din regiunea separatist\u0103 Transnistria, relateaz\u0103 miercuri dpa. &#8220;Germania ar trebui s\u0103 adopte o pozi\u0163ie activ\u0103 \u00een vederea rezolv\u0103rii acestei probleme&#8221;, a declarat Dodon pentru dpa \u00eenaintea vizitei pe care o efectueaz\u0103 joi la Berlin. &#8220;Germania este&#8230;<\/p>\n","protected":false},"author":2,"featured_media":0,"comment_status":"closed","ping_status":"open","sticky":false,"template":"","format":"standard","meta":[],"categories":[1],"tags":[],"_links":{"self":[{"href":"https:\/\/centers.ulbsibiu.ro\/ccsprise\/lact\/wp-json\/wp\/v2\/posts\/4335"}],"collection":[{"href":"https:\/\/centers.ulbsibiu.ro\/ccsprise\/lact\/wp-json\/wp\/v2\/posts"}],"about":[{"href":"https:\/\/centers.ulbsibiu.ro\/ccsprise\/lact\/wp-json\/wp\/v2\/types\/post"}],"author":[{"embeddable":true,"href":"https:\/\/centers.ulbsibiu.ro\/ccsprise\/lact\/wp-json\/wp\/v2\/users\/2"}],"replies":[{"embeddable":true,"href":"https:\/\/centers.ulbsibiu.ro\/ccsprise\/lact\/wp-json\/wp\/v2\/comments?post=4335"}],"version-history":[{"count":1,"href":"https:\/\/centers.ulbsibiu.ro\/ccsprise\/lact\/wp-json\/wp\/v2\/posts\/4335\/revisions"}],"predecessor-version":[{"id":4336,"href":"https:\/\/centers.ulbsibiu.ro\/ccsprise\/lact\/wp-json\/wp\/v2\/posts\/4335\/revisions\/4336"}],"wp:attachment":[{"href":"https:\/\/centers.ulbsibiu.ro\/ccsprise\/lact\/wp-json\/wp\/v2\/media?parent=4335"}],"wp:term":[{"taxonomy":"category","embeddable":true,"href":"https:\/\/centers.ulbsibiu.ro\/ccsprise\/lact\/wp-json\/wp\/v2\/categories?post=4335"},{"taxonomy":"post_tag","embeddable":true,"href":"https:\/\/centers.ulbsibiu.ro\/ccsprise\/lact\/wp-json\/wp\/v2\/tags?post=4335"}],"curies":[{"name":"wp","href":"https:\/\/api.w.org\/{rel}","templated":true}]}}