{"id":4333,"date":"2018-02-28T18:37:34","date_gmt":"2018-02-28T16:37:34","guid":{"rendered":"https:\/\/centers.ulbsibiu.ro\/ccsprise\/lact\/?p=4333"},"modified":"2018-02-28T18:37:34","modified_gmt":"2018-02-28T16:37:34","slug":"radiochisinau-md-reprezentantul-special-al-osce-spera-ca-o-noua-runda-de-negocieri-in-formatul-52-se-va-desfasura-in-aprilie","status":"publish","type":"post","link":"https:\/\/centers.ulbsibiu.ro\/ccsprise\/lact\/radiochisinau-md-reprezentantul-special-al-osce-spera-ca-o-noua-runda-de-negocieri-in-formatul-52-se-va-desfasura-in-aprilie\/","title":{"rendered":"Radiochisinau.md &#8211; Reprezentantul special al OSCE sper\u0103 c\u0103 o nou\u0103 rund\u0103 de negocieri \u00een formatul 5+2 se va desf\u0103\u0219ura \u00een aprilie"},"content":{"rendered":"<p class=\"story-body__introduction\">Reprezentantul special al OSCE pentru reglementarea transnistrean\u0103, Franco Frattini, sper\u0103 c\u0103 autorit\u0103\u0163ile de la Chi\u015fin\u0103u \u015fi Tiraspol vor lua m\u0103suri concrete care vor crea premise pentru desf\u0103\u015furarea unei noi runde de negocieri \u00een formatul &#8220;5+2&#8221; \u00een luna aprilie.<\/p>\n<div class=\"articleContent\">\n<p>Declara\u021bia\u00a0a fost f\u0103cut\u0103 la\u00a0Academia Diplomatic\u0103 de la Moscova, unde Franco Frattini a \u0163inut o prelegere, transmite INFOTAG.<\/p>\n<p>Potrivit agen\u0163iei sursei citate, expertul rus Andrei Deviatkov, care a participat la eveniment, a scris \u00eentr-un articol c\u0103 &#8220;m\u0103surile concrete presupun solu\u0163ionarea problemelor precum pl\u0103cu\u0163ele transnistrene de \u00eenmatriculare a automobilelor, cooperarea \u00een domeniul telecomunica\u0163iilor, posibilitatea deplas\u0103rii vehiculelor de mare tonaj pe podul peste Nistru, restabilirea drepturilor de proprietate \u00een Transnistria pentru agricultorii moldoveni&#8221;.<\/p>\n<p>&#8220;Chiar dac\u0103 Frattini este optimist \u00een privin\u0163a negocierilor dintre p\u0103r\u0163i, el men\u0163ionat c\u0103 este \u00eengrijorat de faptul c\u0103 reglementarea conflictului ar putea fi politizat\u0103 de c\u0103tre Chi\u015fin\u0103u din cauza alegerilor parlamentare viitoare, ad\u0103ug\u00e2nd c\u0103, \u00een timpul vizitei sale \u00een capitala Moldovei \u00een luna martie, va \u00eencerca s\u0103 transmit\u0103 autorit\u0103\u0163ilor ideea c\u0103 aceasta este &#8220;o cale gre\u015fit\u0103&#8221;, a remarcat Deviatkov.<\/p>\n<p>Potrivit expertului, &#8220;Frattini a men\u0163ionat c\u0103, \u00een cazul \u00een care Chi\u015fin\u0103ul \u015fi Tiraspolul vor \u00eendeplini agenda actual\u0103 a m\u0103surilor de consolidare a \u00eencrederii, pasul urm\u0103tor ar putea fi un acord bancar, deoarece companiile transnistrene au nevoie de o libertate mai mare de ac\u0163iune \u00een ceea ce prive\u015fte tranzac\u0163iile bancare&#8221;.<\/p>\n<p>\u00cen opinia sa, reglementarea transnistrean\u0103 nu este &#8220;o sarcin\u0103 ambi\u0163ioas\u0103 pentru Franco Frattini, \u00eens\u0103 experien\u0163a sa interna\u0163ional\u0103 \u015fi cunoa\u015fterea politicii europene vor juca un rol pozitiv \u00een procesul de negocieri&#8221;.<\/p>\n<p>Franco Frattini\u00a0a ocupat \u00een diferite perioade, func\u0163ia de vicepre\u015fedinte al Comisiei Europene (2004-2008) \u015fi ministru de Externe al Italiei (2002-2004, 2008-2011). Italia de\u0163ine pre\u015fedin\u0163ia rotativ\u0103 a OCSE \u00een anul 2018, precizeaz\u0103 OSCE.<\/p>\n<p>Sursa:<\/p>\n<p><a href=\"http:\/\/radiochisinau.md\/reprezentantul-special-al-osce-spera-ca-o-noua-runda-de-negocieri-in-formatul-5-2-se-va-desfasura-in-aprilie---64064.html\">http:\/\/radiochisinau.md\/reprezentantul-special-al-osce-spera-ca-o-noua-runda-de-negocieri-in-formatul-5-2-se-va-desfasura-in-aprilie&#8212;64064.html<\/a><\/p>\n<\/div>\n","protected":false},"excerpt":{"rendered":"<p>Reprezentantul special al OSCE pentru reglementarea transnistrean\u0103, Franco Frattini, sper\u0103 c\u0103 autorit\u0103\u0163ile de la Chi\u015fin\u0103u \u015fi Tiraspol vor lua m\u0103suri concrete care vor crea premise pentru desf\u0103\u015furarea unei noi runde de negocieri \u00een formatul &#8220;5+2&#8221; \u00een luna aprilie. Declara\u021bia\u00a0a fost f\u0103cut\u0103 la\u00a0Academia Diplomatic\u0103 de la Moscova, unde Franco Frattini a \u0163inut o prelegere, transmite INFOTAG&#8230;.<\/p>\n","protected":false},"author":2,"featured_media":0,"comment_status":"closed","ping_status":"open","sticky":false,"template":"","format":"standard","meta":[],"categories":[1],"tags":[],"_links":{"self":[{"href":"https:\/\/centers.ulbsibiu.ro\/ccsprise\/lact\/wp-json\/wp\/v2\/posts\/4333"}],"collection":[{"href":"https:\/\/centers.ulbsibiu.ro\/ccsprise\/lact\/wp-json\/wp\/v2\/posts"}],"about":[{"href":"https:\/\/centers.ulbsibiu.ro\/ccsprise\/lact\/wp-json\/wp\/v2\/types\/post"}],"author":[{"embeddable":true,"href":"https:\/\/centers.ulbsibiu.ro\/ccsprise\/lact\/wp-json\/wp\/v2\/users\/2"}],"replies":[{"embeddable":true,"href":"https:\/\/centers.ulbsibiu.ro\/ccsprise\/lact\/wp-json\/wp\/v2\/comments?post=4333"}],"version-history":[{"count":1,"href":"https:\/\/centers.ulbsibiu.ro\/ccsprise\/lact\/wp-json\/wp\/v2\/posts\/4333\/revisions"}],"predecessor-version":[{"id":4334,"href":"https:\/\/centers.ulbsibiu.ro\/ccsprise\/lact\/wp-json\/wp\/v2\/posts\/4333\/revisions\/4334"}],"wp:attachment":[{"href":"https:\/\/centers.ulbsibiu.ro\/ccsprise\/lact\/wp-json\/wp\/v2\/media?parent=4333"}],"wp:term":[{"taxonomy":"category","embeddable":true,"href":"https:\/\/centers.ulbsibiu.ro\/ccsprise\/lact\/wp-json\/wp\/v2\/categories?post=4333"},{"taxonomy":"post_tag","embeddable":true,"href":"https:\/\/centers.ulbsibiu.ro\/ccsprise\/lact\/wp-json\/wp\/v2\/tags?post=4333"}],"curies":[{"name":"wp","href":"https:\/\/api.w.org\/{rel}","templated":true}]}}