{"id":4328,"date":"2018-02-27T10:12:06","date_gmt":"2018-02-27T08:12:06","guid":{"rendered":"https:\/\/centers.ulbsibiu.ro\/ccsprise\/lact\/?p=4328"},"modified":"2018-02-27T10:12:06","modified_gmt":"2018-02-27T08:12:06","slug":"gov-md-la-tiraspol-a-avut-loc-sedinta-grupurilor-de-lucru-pentru-dezvoltarea-transportului-auto-si-infrastructurii-drumurilor-2","status":"publish","type":"post","link":"https:\/\/centers.ulbsibiu.ro\/ccsprise\/lact\/gov-md-la-tiraspol-a-avut-loc-sedinta-grupurilor-de-lucru-pentru-dezvoltarea-transportului-auto-si-infrastructurii-drumurilor-2\/","title":{"rendered":"Gov.md &#8211; La Tiraspol a avut loc \u0219edin\u021ba grupurilor de lucru pentru dezvoltarea transportului auto \u0219i infrastructurii drumurilor"},"content":{"rendered":"<p>Pe 26 februarie 2018, la sediul Misiunii OSCE din or.Tiraspol a avut loc \u0219edin\u021ba grupurilor de lucru\u00a0pentru dezvoltarea transportului auto \u0219i infrastructurii drumurilor, cu participarea reprezentan\u021bilor politici \u00een procesul de negocieri pentru reglementarea transnistrean\u0103 din partea Chi\u0219in\u0103ului \u0219i Tiraspolului, Cristina Lesnic \u0219i Vitalii Ignatiev \u0219i a partenerilor interna\u021bionali din cadrul formatului de negocieri \u201e5+2\u201d.<\/p>\n<p>\u00cen cadrul \u0219edin\u021bei, p\u0103r\u021bile au continuat discu\u021biile privind determinarea unui mecanism func\u021bional de asigurare a particip\u0103rii \u00een traficul rutier interna\u021bional a autovehiculelor din regiunea transnistrean\u0103.<\/p>\n<p>Consult\u0103rile la acest subiect vor continua \u00een cadrul urm\u0103toarei \u0219edin\u021be a grupului de lucru sectorial, data \u0219i loca\u021bia c\u0103reia urmeaz\u0103 a fi stabilite la nivelul reprezentan\u021bilor politici ai p\u0103r\u021bilor.<\/p>\n<p>Sursa:<\/p>\n<p><a href=\"http:\/\/gov.md\/ro\/content\/la-tiraspol-avut-loc-sedinta-grupurilor-de-lucru-pentru-dezvoltarea-transportului-auto-si-0\">http:\/\/gov.md\/ro\/contenttiraspol-avut-loc-sedinta-grupurilor-de-lucru-pentru-dezvoltarea-transportului-auto-si-0<\/a><\/p>\n","protected":false},"excerpt":{"rendered":"<p>Pe 26 februarie 2018, la sediul Misiunii OSCE din or.Tiraspol a avut loc \u0219edin\u021ba grupurilor de lucru\u00a0pentru dezvoltarea transportului auto \u0219i infrastructurii drumurilor, cu participarea reprezentan\u021bilor politici \u00een procesul de negocieri pentru reglementarea transnistrean\u0103 din partea Chi\u0219in\u0103ului \u0219i Tiraspolului, Cristina Lesnic \u0219i Vitalii Ignatiev \u0219i a partenerilor interna\u021bionali din cadrul formatului de negocieri \u201e5+2\u201d. \u00cen&#8230;<\/p>\n","protected":false},"author":2,"featured_media":0,"comment_status":"closed","ping_status":"open","sticky":false,"template":"","format":"standard","meta":[],"categories":[1],"tags":[],"_links":{"self":[{"href":"https:\/\/centers.ulbsibiu.ro\/ccsprise\/lact\/wp-json\/wp\/v2\/posts\/4328"}],"collection":[{"href":"https:\/\/centers.ulbsibiu.ro\/ccsprise\/lact\/wp-json\/wp\/v2\/posts"}],"about":[{"href":"https:\/\/centers.ulbsibiu.ro\/ccsprise\/lact\/wp-json\/wp\/v2\/types\/post"}],"author":[{"embeddable":true,"href":"https:\/\/centers.ulbsibiu.ro\/ccsprise\/lact\/wp-json\/wp\/v2\/users\/2"}],"replies":[{"embeddable":true,"href":"https:\/\/centers.ulbsibiu.ro\/ccsprise\/lact\/wp-json\/wp\/v2\/comments?post=4328"}],"version-history":[{"count":1,"href":"https:\/\/centers.ulbsibiu.ro\/ccsprise\/lact\/wp-json\/wp\/v2\/posts\/4328\/revisions"}],"predecessor-version":[{"id":4329,"href":"https:\/\/centers.ulbsibiu.ro\/ccsprise\/lact\/wp-json\/wp\/v2\/posts\/4328\/revisions\/4329"}],"wp:attachment":[{"href":"https:\/\/centers.ulbsibiu.ro\/ccsprise\/lact\/wp-json\/wp\/v2\/media?parent=4328"}],"wp:term":[{"taxonomy":"category","embeddable":true,"href":"https:\/\/centers.ulbsibiu.ro\/ccsprise\/lact\/wp-json\/wp\/v2\/categories?post=4328"},{"taxonomy":"post_tag","embeddable":true,"href":"https:\/\/centers.ulbsibiu.ro\/ccsprise\/lact\/wp-json\/wp\/v2\/tags?post=4328"}],"curies":[{"name":"wp","href":"https:\/\/api.w.org\/{rel}","templated":true}]}}