{"id":4324,"date":"2018-02-25T18:23:30","date_gmt":"2018-02-25T16:23:30","guid":{"rendered":"https:\/\/centers.ulbsibiu.ro\/ccsprise\/lact\/?p=4324"},"modified":"2018-02-25T18:23:30","modified_gmt":"2018-02-25T16:23:30","slug":"ziarulnational-md-r-moldova-a-insistat-ca-rusia-sa-si-retraga-trupele-din-stanga-nistrului-la-adunarea-parlamentara-a-osce-rusia-a-sfidat-in-mod-constant-bunul-simt","status":"publish","type":"post","link":"https:\/\/centers.ulbsibiu.ro\/ccsprise\/lact\/ziarulnational-md-r-moldova-a-insistat-ca-rusia-sa-si-retraga-trupele-din-stanga-nistrului-la-adunarea-parlamentara-a-osce-rusia-a-sfidat-in-mod-constant-bunul-simt\/","title":{"rendered":"Ziarulnational.md &#8211; R. Moldova a insistat ca Rusia s\u0103-\u0219i retrag\u0103 trupele din st\u00e2nga Nistrului la Adunarea Parlamentar\u0103 a OSCE: \u201eRusia a sfidat \u00een mod constant bunul sim\u021b\u201d"},"content":{"rendered":"<p>Autorit\u0103\u021bile R. Moldova au insistat, \u00een cadrul Adun\u0103rii Parlamentare a OSCE, convocat \u00een sesiunea de iarn\u0103, ca Rusia s\u0103-\u0219i retrag\u0103 din st\u00e2nga Nistrului trupele care sta\u021bioneaz\u0103 ilegal pe teritoriul R. Moldova.<\/p>\n<p>\u201e\u00cen ciuda faptului c\u0103 Federa\u021bia Rus\u0103 s-a angajat, \u00een mod repetat, s\u0103 \u00ee\u0219i retrag\u0103 trupele din aceast\u0103 regiune a \u0163\u0103rii, a sfidat \u00een mod constant bunul sim\u021b. Suntem \u00een continuare \u00eengrijora\u021bi de cre\u0219terea factorului militar \u00een \u00eentreaga regiune \u0219i este alarmant faptul c\u0103 exerci\u021biile militare ale a\u0219a-numitului grup operativ de trupe ruse\u0219ti se desf\u0103\u0219oar\u0103 \u00een comun cum for\u021bele paramilitare transnistrene\u201d, a declarat deputatul democrat Sergiu S\u00e2rbu, care a \u021binut un discurs \u00een cadrul Adun\u0103rii Parlamentare a OSCE.<\/p>\n<p>Acesta a vorbit \u0219i despre progresele \u00eenregistrate de autorit\u0103\u021bi \u00een solu\u021bionarea conflictului transnistrean \u0219i implicarea Federa\u021biei Ruse \u00een politica intern\u0103 a republicii noastre.<\/p>\n<p>\u201eDiferendul transnistrean poate fi solu\u021bionat, dac\u0103 va exista voin\u021b\u0103 politic\u0103, a\u0219a cum s-a \u00eent\u00e2mplat anul trecut. Chi\u0219in\u0103ul a reu\u0219it s\u0103 semneze cele cinci protocoale cu autorit\u0103\u021bile nerecunoscute de la Tiraspol\u201d, a precizat acesta.<\/p>\n<p>Deputatul democrat a vorbit \u0219i despre continuarea negocierilor \u00een formatul \u201e5+2\u201d pentru a elabora \u0219i adopta un statut juridic special pentru regiunea transnistrean\u0103, respect\u00e2nd suveranitatea \u0219i integritatea teritorial\u0103 a \u021b\u0103rii noastre.<\/p>\n<p>Sursa:<\/p>\n<p><a href=\"http:\/\/www.ziarulnational.md\/r-moldova-a-insistat-ca-rusia-sa-si-retraga-trupele-din-stanga-nistrului-la-adunarea-parlamentara-a-osce-rusia-a-sfidat-in-mod-constant-bunul-simt\/\">http:\/\/www.ziarulnational.md\/<\/a><\/p>\n","protected":false},"excerpt":{"rendered":"<p>Autorit\u0103\u021bile R. Moldova au insistat, \u00een cadrul Adun\u0103rii Parlamentare a OSCE, convocat \u00een sesiunea de iarn\u0103, ca Rusia s\u0103-\u0219i retrag\u0103 din st\u00e2nga Nistrului trupele care sta\u021bioneaz\u0103 ilegal pe teritoriul R. Moldova. \u201e\u00cen ciuda faptului c\u0103 Federa\u021bia Rus\u0103 s-a angajat, \u00een mod repetat, s\u0103 \u00ee\u0219i retrag\u0103 trupele din aceast\u0103 regiune a \u0163\u0103rii, a sfidat \u00een mod&#8230;<\/p>\n","protected":false},"author":2,"featured_media":0,"comment_status":"closed","ping_status":"open","sticky":false,"template":"","format":"standard","meta":[],"categories":[1],"tags":[],"_links":{"self":[{"href":"https:\/\/centers.ulbsibiu.ro\/ccsprise\/lact\/wp-json\/wp\/v2\/posts\/4324"}],"collection":[{"href":"https:\/\/centers.ulbsibiu.ro\/ccsprise\/lact\/wp-json\/wp\/v2\/posts"}],"about":[{"href":"https:\/\/centers.ulbsibiu.ro\/ccsprise\/lact\/wp-json\/wp\/v2\/types\/post"}],"author":[{"embeddable":true,"href":"https:\/\/centers.ulbsibiu.ro\/ccsprise\/lact\/wp-json\/wp\/v2\/users\/2"}],"replies":[{"embeddable":true,"href":"https:\/\/centers.ulbsibiu.ro\/ccsprise\/lact\/wp-json\/wp\/v2\/comments?post=4324"}],"version-history":[{"count":1,"href":"https:\/\/centers.ulbsibiu.ro\/ccsprise\/lact\/wp-json\/wp\/v2\/posts\/4324\/revisions"}],"predecessor-version":[{"id":4325,"href":"https:\/\/centers.ulbsibiu.ro\/ccsprise\/lact\/wp-json\/wp\/v2\/posts\/4324\/revisions\/4325"}],"wp:attachment":[{"href":"https:\/\/centers.ulbsibiu.ro\/ccsprise\/lact\/wp-json\/wp\/v2\/media?parent=4324"}],"wp:term":[{"taxonomy":"category","embeddable":true,"href":"https:\/\/centers.ulbsibiu.ro\/ccsprise\/lact\/wp-json\/wp\/v2\/categories?post=4324"},{"taxonomy":"post_tag","embeddable":true,"href":"https:\/\/centers.ulbsibiu.ro\/ccsprise\/lact\/wp-json\/wp\/v2\/tags?post=4324"}],"curies":[{"name":"wp","href":"https:\/\/api.w.org\/{rel}","templated":true}]}}