{"id":4322,"date":"2018-02-24T21:34:14","date_gmt":"2018-02-24T19:34:14","guid":{"rendered":"https:\/\/centers.ulbsibiu.ro\/ccsprise\/lact\/?p=4322"},"modified":"2018-02-24T21:34:14","modified_gmt":"2018-02-24T19:34:14","slug":"publika-md-noi-tensiuni-in-jurul-podului-de-la-gura-bacului-tiraspolul-vrea-sa-construiasca-un-terminl-vamal","status":"publish","type":"post","link":"https:\/\/centers.ulbsibiu.ro\/ccsprise\/lact\/publika-md-noi-tensiuni-in-jurul-podului-de-la-gura-bacului-tiraspolul-vrea-sa-construiasca-un-terminl-vamal\/","title":{"rendered":"Publika.md &#8211; NOI TENSIUNI \u00ceN JURUL PODULUI de la Gura B\u00e2cului. Tiraspolul vrea s\u0103 construiasc\u0103 un TERMINL VAMAL"},"content":{"rendered":"<p><b>La doar c\u00e2teva luni de la redeschiderea podului \u00eentre satele Gura B\u00e2cului \u015fi B\u00e2cioc apar noi tensiuni. Tiraspolul inten\u0163ioneaz\u0103 s\u0103 constuiasc\u0103 acolo un a\u015fa numit terminal vamal interna\u0163ional.<\/b><\/p>\n<p><span style=\"display: inline !important; float: none; background-color: #ffffff; color: #000000; font-family: 'Oswald',Helvetica,Arial,sans-serif; font-size: 16px; font-size-adjust: none; font-stretch: normal; font-style: normal; font-variant: normal; font-weight: 400; letter-spacing: normal; line-height: 19.2px; orphans: 2; text-align: left; text-decoration: none; text-indent: 0px; text-transform: none; -webkit-text-stroke-width: 0px; white-space: normal; word-spacing: 0px;\">Delega\u0163ia Chi\u015fin\u0103ului la Comisia Unificat\u0103 de Control \u00ee\u015fi exprim\u0103 \u00eengrijorarea \u015fi \u00eendeamn\u0103 administra\u0163ia regiunii s\u0103 renun\u0163e la aceste ac\u0163iuni. Pentru construc\u0163ia a\u015fa-zisului terminal vamal, autorit\u0103\u021bile din regiune au decis s\u0103 \u00eenstr\u0103ineze terenurile de la unii locuitori din satul B\u00e2cioc.<\/span><\/p>\n<p><span style=\"display: inline !important; float: none; background-color: #ffffff; color: #000000; font-family: 'Oswald',Helvetica,Arial,sans-serif; font-size: 16px; font-size-adjust: none; font-stretch: normal; font-style: normal; font-variant: normal; font-weight: 400; letter-spacing: normal; line-height: 19.2px; orphans: 2; text-align: left; text-decoration: none; text-indent: 0px; text-transform: none; -webkit-text-stroke-width: 0px; white-space: normal; word-spacing: 0px;\">Potrivit inten\u0163iei administra\u0163iei de la Tiraspol, va fi construit\u0103 cl\u0103direa administrativ\u0103, piste pentru a\u015fa-numitul control vamal, dar \u015fi ghi\u015fee pentru personal. Astfel, va fi m\u0103rit considerabil num\u0103rul de angaja\u0163i ai structurilor de for\u0163\u0103 din regiunea nerecunoscut\u0103. Acest fapt ar putea tensiona situa\u0163ia \u00een aceast\u0103 zon\u0103.<\/span><\/p>\n<p><strong>Autorit\u0103\u0163ile de la Chi\u015fin\u0103u consider\u0103 c\u0103 decizia Tiraspolului \u00eencalc\u0103 \u00een\u0163elegerile anterioare. <\/strong><\/p>\n<p><span style=\"display: inline !important; float: none; background-color: #ffffff; color: #000000; font-family: 'Oswald',Helvetica,Arial,sans-serif; font-size: 16px; font-size-adjust: none; font-stretch: normal; font-style: normal; font-variant: normal; font-weight: 400; letter-spacing: normal; line-height: 19.2px; orphans: 2; text-align: left; text-decoration: none; text-indent: 0px; text-transform: none; -webkit-text-stroke-width: 0px; white-space: normal; word-spacing: 0px;\"> &#8220;Aceste ac\u0163iuni \u00eenc\u0103 o dat\u0103 confirm\u0103 c\u0103 autorit\u0103\u0163ile transnistrene, mai cu seam\u0103 cei de la Comisia Unificat\u0103 de Control nu \u00ee\u015fi onoreaz\u0103 obliga\u0163iunile pentru a contribui pozitiv la liber\u0103 circula\u0163ia persoanelor, m\u0103rfurilor \u015fi serviciilor, de sigur, acest lucru va afecta popula\u0163ia pentru liber\u0103 circula\u0163ie&#8221;, a spus\u00a0Eduard Bumbac, membru al delega\u0163iei Chi\u015fin\u0103ului la CUC.<\/span><\/p>\n<p><strong>Locuitorii satelor din zona de securitate se \u00eempotrivesc inten\u0163iei Tiraspolului de a constui \u00eenc\u0103 un a\u015fa-zis punct vamal.<\/strong><\/p>\n<p><span style=\"display: inline !important; float: none; background-color: #ffffff; color: #000000; font-family: 'Oswald',Helvetica,Arial,sans-serif; font-size: 16px; font-size-adjust: none; font-stretch: normal; font-style: normal; font-variant: normal; font-weight: 400; letter-spacing: normal; line-height: 19.2px; orphans: 2; text-align: left; text-decoration: none; text-indent: 0px; text-transform: none; -webkit-text-stroke-width: 0px; white-space: normal; word-spacing: 0px;\"> &#8220;Costruc\u0163ia acestui punct vamal, cred c\u0103 va tensiona chiar \u015fi rela\u0163iile care sunt deja stabilite, pentru c\u0103 este nepl\u0103cut c\u00e2nd mergi undeva \u015fi te controleaz\u0103, mai ales dublu&#8221;, a zis un locuitor.<\/span><\/p>\n<p><span style=\"display: inline !important; float: none; background-color: #ffffff; color: #000000; font-family: 'Oswald',Helvetica,Arial,sans-serif; font-size: 16px; font-size-adjust: none; font-stretch: normal; font-style: normal; font-variant: normal; font-weight: 400; letter-spacing: normal; line-height: 19.2px; orphans: 2; text-align: left; text-decoration: none; text-indent: 0px; text-transform: none; -webkit-text-stroke-width: 0px; white-space: normal; word-spacing: 0px;\">&#8220;Noi des la Bender plec\u0103m. Ne vine tare greu, fiindc\u0103 de c\u00e2te ori trecem, avem probleme, ne controleaz\u0103. N-ar fi de dorit s\u0103 fie at\u00e2tea v\u0103mi&#8221;, a spus un locatar.<\/span><\/p>\n<p><span style=\"display: inline !important; float: none; background-color: #ffffff; color: #000000; font-family: 'Oswald',Helvetica,Arial,sans-serif; font-size: 16px; font-size-adjust: none; font-stretch: normal; font-style: normal; font-variant: normal; font-weight: 400; letter-spacing: normal; line-height: 19.2px; orphans: 2; text-align: left; text-decoration: none; text-indent: 0px; text-transform: none; -webkit-text-stroke-width: 0px; white-space: normal; word-spacing: 0px;\">\u015ei <\/span><strong>agen\u0163ii economici<\/strong><span style=\"display: inline !important; float: none; background-color: #ffffff; color: #000000; font-family: 'Oswald',Helvetica,Arial,sans-serif; font-size: 16px; font-size-adjust: none; font-stretch: normal; font-style: normal; font-variant: normal; font-weight: 400; letter-spacing: normal; line-height: 19.2px; orphans: 2; text-align: left; text-decoration: none; text-indent: 0px; text-transform: none; -webkit-text-stroke-width: 0px; white-space: normal; word-spacing: 0px;\"> care duc marfa pe malul st\u00e2ng al Nistrului consider\u0103 c\u0103 amplasarea unei noi a\u015fa-zise v\u0103mi la linia administrativ\u0103 le va crea mai multe impedimente. <\/span><\/p>\n<p><span style=\"display: inline !important; float: none; background-color: #ffffff; color: #000000; font-family: 'Oswald',Helvetica,Arial,sans-serif; font-size: 16px; font-size-adjust: none; font-stretch: normal; font-style: normal; font-variant: normal; font-weight: 400; letter-spacing: normal; line-height: 19.2px; orphans: 2; text-align: left; text-decoration: none; text-indent: 0px; text-transform: none; -webkit-text-stroke-width: 0px; white-space: normal; word-spacing: 0px;\"> &#8220;Noi ne ocup\u0103m aici, la Gura B\u00e2cului \u015fi cu agricultur\u0103, suntem nevoi\u0163i c\u00e2teodat\u0103 s\u0103 aducem marfa \u015fi la Bender. Eu m-am p\u0103\u0163it c\u0103 m-au oprit \u015fi m-au spus: &#8220;M\u0103 scuza\u0163i, dar produc\u0163ia voastr\u0103 moldoveneasc\u0103 nu trebuie&#8221;. \u015ei m-au \u00eentors acas\u0103. La mine acas\u0103 s\u0103-mi spui a\u015fa cuvinte, nu e pl\u0103cut.&#8221;<\/span><\/p>\n<p><strong>\u00cen prezent \u00een preajma podului Gura B\u00e2cului-B\u00e2cioc se afl\u0103 un punct de control intern unde activeaz\u0103 cinci reprezentan\u0163i ai structurilor regiunii nerecunoscute.<\/strong><span style=\"display: inline !important; float: none; background-color: #ffffff; color: #000000; font-family: 'Oswald',Helvetica,Arial,sans-serif; font-size: 16px; font-size-adjust: none; font-stretch: normal; font-style: normal; font-variant: normal; font-weight: 400; letter-spacing: normal; line-height: 19.2px; orphans: 2; text-align: left; text-decoration: none; text-indent: 0px; text-transform: none; -webkit-text-stroke-width: 0px; white-space: normal; word-spacing: 0px;\"> Podul a fost redeschis pentru transport \u00een noiembrie 2017, dup\u0103 o pauz\u0103 de 25 de ani. Pe acolo pot trece doar vehicule care au p\u00e2n\u0103 la 10 tone.<\/span><\/p>\n<p>Cite\u0219te mai mult: <a href=\"https:\/\/www.publika.md\/noi-tensiuni-in-jurul-podului-de-la-gura-bacului-tiraspolul-vrea-sa-construiasca-un-terminl-vamal_2996932.html#ixzz583Wmf44g\">https:\/\/www.publika.md\/noi-tensiuni-in-jurul-podului-de-la-gura-bacului-tiraspolul-vrea-sa-construiasca-un-terminl-vamal_2996932.html#ixzz583Wmf44g<\/a><\/p>\n","protected":false},"excerpt":{"rendered":"<p>La doar c\u00e2teva luni de la redeschiderea podului \u00eentre satele Gura B\u00e2cului \u015fi B\u00e2cioc apar noi tensiuni. Tiraspolul inten\u0163ioneaz\u0103 s\u0103 constuiasc\u0103 acolo un a\u015fa numit terminal vamal interna\u0163ional. Delega\u0163ia Chi\u015fin\u0103ului la Comisia Unificat\u0103 de Control \u00ee\u015fi exprim\u0103 \u00eengrijorarea \u015fi \u00eendeamn\u0103 administra\u0163ia regiunii s\u0103 renun\u0163e la aceste ac\u0163iuni. Pentru construc\u0163ia a\u015fa-zisului terminal vamal, autorit\u0103\u021bile din regiune&#8230;<\/p>\n","protected":false},"author":2,"featured_media":0,"comment_status":"closed","ping_status":"open","sticky":false,"template":"","format":"standard","meta":[],"categories":[1],"tags":[],"_links":{"self":[{"href":"https:\/\/centers.ulbsibiu.ro\/ccsprise\/lact\/wp-json\/wp\/v2\/posts\/4322"}],"collection":[{"href":"https:\/\/centers.ulbsibiu.ro\/ccsprise\/lact\/wp-json\/wp\/v2\/posts"}],"about":[{"href":"https:\/\/centers.ulbsibiu.ro\/ccsprise\/lact\/wp-json\/wp\/v2\/types\/post"}],"author":[{"embeddable":true,"href":"https:\/\/centers.ulbsibiu.ro\/ccsprise\/lact\/wp-json\/wp\/v2\/users\/2"}],"replies":[{"embeddable":true,"href":"https:\/\/centers.ulbsibiu.ro\/ccsprise\/lact\/wp-json\/wp\/v2\/comments?post=4322"}],"version-history":[{"count":1,"href":"https:\/\/centers.ulbsibiu.ro\/ccsprise\/lact\/wp-json\/wp\/v2\/posts\/4322\/revisions"}],"predecessor-version":[{"id":4323,"href":"https:\/\/centers.ulbsibiu.ro\/ccsprise\/lact\/wp-json\/wp\/v2\/posts\/4322\/revisions\/4323"}],"wp:attachment":[{"href":"https:\/\/centers.ulbsibiu.ro\/ccsprise\/lact\/wp-json\/wp\/v2\/media?parent=4322"}],"wp:term":[{"taxonomy":"category","embeddable":true,"href":"https:\/\/centers.ulbsibiu.ro\/ccsprise\/lact\/wp-json\/wp\/v2\/categories?post=4322"},{"taxonomy":"post_tag","embeddable":true,"href":"https:\/\/centers.ulbsibiu.ro\/ccsprise\/lact\/wp-json\/wp\/v2\/tags?post=4322"}],"curies":[{"name":"wp","href":"https:\/\/api.w.org\/{rel}","templated":true}]}}