{"id":4320,"date":"2018-02-23T19:39:42","date_gmt":"2018-02-23T17:39:42","guid":{"rendered":"https:\/\/centers.ulbsibiu.ro\/ccsprise\/lact\/?p=4320"},"modified":"2018-02-23T19:39:42","modified_gmt":"2018-02-23T17:39:42","slug":"europalibera-org-conte-la-tiraspol-asteptam-progrese-importante-in-viitorul-apropiat","status":"publish","type":"post","link":"https:\/\/centers.ulbsibiu.ro\/ccsprise\/lact\/europalibera-org-conte-la-tiraspol-asteptam-progrese-importante-in-viitorul-apropiat\/","title":{"rendered":"Europalibera.org &#8211; Conte la Tiraspol: \u201eA\u0219tept\u0103m progrese importante \u00een viitorul apropiat\u201d"},"content":{"rendered":"<p><a title=\"Lina Gr\u00e2u\" href=\"https:\/\/www.europalibera.org\/author\/22344.html\">Lina Gr\u00e2u<\/a><\/p>\n<div class=\"intro content-offset\">\n<p>Pre\u0219edin\u021bia italian\u0103 a OSCE sper\u0103 ca p\u00e2n\u0103 la finele lui februarie s\u0103 se ajung\u0103 la un acord care \u201ear permite mijloacelor de transport din Transnistria s\u0103 participe la traficul rutier interna\u021bional\u201d.<\/p>\n<\/div>\n<div>\n<div class=\"wsw\">\n<p><em>Reprezentantul special pentru reglementarea transnistrean\u0103 al pre\u0219edin\u021biei \u00een exerci\u021biu a OSCE, Franco Frattini, va veni \u00een Republica Moldova \u00een prima jum\u0103tate a lunii martie, anun\u021b\u0103 un comunicat de pres\u0103 al Misiunii OSCE la Chi\u0219in\u0103u. <\/em><\/p>\n<p>Pre\u0219edin\u021bia italian\u0103 a OSCE insist\u0103 ca p\u00e2n\u0103 la sf\u00e2r\u0219itul lunii februarie s\u0103 se ajung\u0103 la un acord cu privire la un mecanism care ar permite mijloacelor de transport din Transnistria s\u0103 participe la traficul rutier interna\u021bional. Declara\u021bia apar\u021bine lui Alfredo Conte, consilier al Reprezentantului special al pre\u0219edintelui \u00een exerci\u021biu al OSCE pentru procesul de reglementare transnistrean\u0103. Conte \u0219i-a \u00eencheiat joi vizita de trei zile \u00een Moldova.<\/p>\n<p>\u00cen subiectul numerelor de \u00eenmatriculare, exist\u0103 deja un model neutru coordonat de pl\u0103cu\u021be pentru ma\u0219inile transnistrene, dar Tiraspolul se opune ideii ca ma\u0219inile s\u0103 fie \u00eenregistrate \u00eentr-o baz\u0103 de date central\u0103 la Chi\u015fin\u0103u \u0219i vrea s\u0103 de\u021bin\u0103 dreptul exclusiv de a \u00eenregistra mijloacele de transport din regiune.<\/p>\n<p>\u00cen cadrul vizitei sale, Conte a avut \u00eentrevederi la Chi\u015fin\u0103u \u0219i Tiraspol, dar \u0219i cu autorit\u0103\u021bile din Unitatea Teritorial\u0103 Autonom\u0103 (UTA) G\u0103g\u0103uzia. Discu\u021biile au avut loc \u00een preg\u0103tirea vizitei reprezentantului special pentru reglementarea transnistrean\u0103, Franco Frattini.<\/p>\n<p>Conte a salutat faptul c\u0103 Chi\u015fin\u0103ul \u0219i Tiraspolul au \u00eenceput realizarea protocoalelor semnate \u00een luna noiembrie, legate de deschiderea podului de la Gura B\u00e2cului, apostilarea diplomelor transnistrene, activitatea \u0219colilor cu predare \u00een grafia latin\u0103 din st\u00e2nga Nistrului \u0219i repunerea \u00een drepturi a fermierilor din raionul Dub\u0103sari. S\u0103pt\u0103m\u00e2na trecut\u0103 Chi\u0219in\u0103ul \u0219i Tiraspolul au semnat o \u00een\u021belegere de cooperare \u00een controlul veterinar \u0219i fitosanitar, important\u0103 \u00een contextul comer\u021bului regiunii transnistrene cu Uniunea European\u0103, iar s\u0103pt\u0103m\u00e2na aceasta urmau s\u0103 discute subiectul pl\u0103cu\u021belor de \u00eenmatriculare.<\/p>\n<p>\u201eNoi vedem progresele \u00een implementarea acestor acorduri \u0219i suntem pe punctul de a \u00eencheia noi acorduri. Baz\u00e2ndu-m\u0103 pe \u00eent\u00e2lnirile de la Chi\u0219in\u0103u \u0219i Tiraspol, sunt convins c\u0103 aceasta poate fi noua norm\u0103 a procesului de reglementare, care va genera beneficii pentru oamenii de pe ambele maluri ale Nistrului.\u201d, a spus Conte, citat de comunicatul OSCE.<\/p>\n<p>Potrivit agen\u021biei de pres\u0103 Novostipmr, \u00een cadrul \u00eent\u00e2lnirilor de la Tiraspol, Conte ar fi spus c\u0103 subliniaz\u0103 \u201e\u00een mod special aportul p\u0103r\u021bii transnistrene \u0219i eforturile ei care la modul obiectiv au contribuit la ob\u021binerea unor acorduri\u201d. \u201eNoi a\u0219tept\u0103m progrese importante \u00een viitorul apropiat. Pre\u0219edin\u021bia italian\u0103 a numit \u00een func\u021bia de reprezentant special pentru Transnistria o persoan\u0103 important\u0103. Este un semnal c\u0103 noi ne a\u0219tept\u0103m la succese \u0219i progrese \u0219i mai mari \u00een acest domeniu important pentru noi\u201d, \u00eel citeaz\u0103 pe Alfredo Conte agen\u021bia Novostipmr.<\/p>\n<p>Pe l\u00e2ng\u0103 accesul la circula\u021bia interna\u021bional\u0103 pentru ma\u0219inile transnistrene, Tiraspolul mai insist\u0103 \u0219i asupra \u00eenchiderii dosarelor penale intentate de Chi\u015fin\u0103u pe numele mai multor lideri \u0219i persoane importante din regiunea separatist\u0103, dosare pe care le consider\u0103 motivate politic.<\/p>\n<p>Mai multe organiza\u0163ii neguvernamentale din dreapta Nistrului <a class=\"wsw__a\" href=\"https:\/\/www.europalibera.org\/a\/moldova-transnistria-apel-ong\/29027402.html\" target=\"_blank\" rel=\"noopener\">au lansat un apel<\/a> \u00een care au cerut din nou autorit\u0103\u0163ilor constitu\u021bionale s\u0103 nu dep\u0103\u0219easc\u0103 unele \u201elinii ro\u0219ii\u201d \u00een rela\u021bia cu regimul separatist care ar submina suveranitatea Republicii Moldova \u015fi s\u0103 nu accepte ced\u0103ri unilaterale, cum ar fi \u015fi cea privind recunoa\u0219terea diplomelor emise de institu\u0163iile de \u00eenv\u0103\u021b\u0103m\u00e2nt din regiunea transnistrean\u0103. Semnatarii au condamnat \u00eentre altele lipsa de transparen\u021b\u0103 la preg\u0103tirea protocolului cu privire la \u00eenregistrarea mijloacelor de transport din regiunea transnistrean\u0103.<\/p>\n<p>Comunicatul OSCE subliniaz\u0103 c\u0103 procesul de reglementare transnistrean\u0103 ocup\u0103 un loc important pe ordinea de zi a Pre\u0219edin\u021biei italiene a OSCE pentru anul 2018, sub genericul \u201cDialog, Implicare, Responsabilitate\u201d.<\/p>\n<p>\u00cen primul interviu acordat dup\u0103 intrarea \u00een func\u021bie, Franco Frattini, fost ministru italian de Externe \u0219i fost vicepre\u0219edinte al Comisiei Europene, a declarat c\u0103 mizeaz\u0103 pe un rol pozitiv al Rusiei \u00een reglementarea transnistrean\u0103 \u0219i pe o bun\u0103 cooperare cu Moscova \u0219i cu ministrul rus de Externe, Serghei Lavrov, subliniind c\u0103 acesta este un bun prieten de-al s\u0103u.<\/p>\n<p>Sursa:<\/p>\n<p><a href=\"https:\/\/www.europalibera.org\/a\/moldova-osce-reglemmentarea-transnistreana\/29057397.html\">https:\/\/www.europalibera.org\/a\/moldova-osce-reglemmentarea-transnistreana\/29057397.html<\/a><\/p>\n<\/div>\n<\/div>\n","protected":false},"excerpt":{"rendered":"<p>Lina Gr\u00e2u Pre\u0219edin\u021bia italian\u0103 a OSCE sper\u0103 ca p\u00e2n\u0103 la finele lui februarie s\u0103 se ajung\u0103 la un acord care \u201ear permite mijloacelor de transport din Transnistria s\u0103 participe la traficul rutier interna\u021bional\u201d. Reprezentantul special pentru reglementarea transnistrean\u0103 al pre\u0219edin\u021biei \u00een exerci\u021biu a OSCE, Franco Frattini, va veni \u00een Republica Moldova \u00een prima jum\u0103tate a&#8230;<\/p>\n","protected":false},"author":2,"featured_media":0,"comment_status":"closed","ping_status":"open","sticky":false,"template":"","format":"standard","meta":[],"categories":[1],"tags":[],"_links":{"self":[{"href":"https:\/\/centers.ulbsibiu.ro\/ccsprise\/lact\/wp-json\/wp\/v2\/posts\/4320"}],"collection":[{"href":"https:\/\/centers.ulbsibiu.ro\/ccsprise\/lact\/wp-json\/wp\/v2\/posts"}],"about":[{"href":"https:\/\/centers.ulbsibiu.ro\/ccsprise\/lact\/wp-json\/wp\/v2\/types\/post"}],"author":[{"embeddable":true,"href":"https:\/\/centers.ulbsibiu.ro\/ccsprise\/lact\/wp-json\/wp\/v2\/users\/2"}],"replies":[{"embeddable":true,"href":"https:\/\/centers.ulbsibiu.ro\/ccsprise\/lact\/wp-json\/wp\/v2\/comments?post=4320"}],"version-history":[{"count":1,"href":"https:\/\/centers.ulbsibiu.ro\/ccsprise\/lact\/wp-json\/wp\/v2\/posts\/4320\/revisions"}],"predecessor-version":[{"id":4321,"href":"https:\/\/centers.ulbsibiu.ro\/ccsprise\/lact\/wp-json\/wp\/v2\/posts\/4320\/revisions\/4321"}],"wp:attachment":[{"href":"https:\/\/centers.ulbsibiu.ro\/ccsprise\/lact\/wp-json\/wp\/v2\/media?parent=4320"}],"wp:term":[{"taxonomy":"category","embeddable":true,"href":"https:\/\/centers.ulbsibiu.ro\/ccsprise\/lact\/wp-json\/wp\/v2\/categories?post=4320"},{"taxonomy":"post_tag","embeddable":true,"href":"https:\/\/centers.ulbsibiu.ro\/ccsprise\/lact\/wp-json\/wp\/v2\/tags?post=4320"}],"curies":[{"name":"wp","href":"https:\/\/api.w.org\/{rel}","templated":true}]}}