{"id":4314,"date":"2018-02-22T17:53:02","date_gmt":"2018-02-22T15:53:02","guid":{"rendered":"https:\/\/centers.ulbsibiu.ro\/ccsprise\/lact\/?p=4314"},"modified":"2018-02-22T17:53:02","modified_gmt":"2018-02-22T15:53:02","slug":"gov-md-la-chisinau-a-avut-loc-sedinta-grupurilor-de-lucru-pentru-dezvoltarea-transportului-auto-si-infrastructurii-drumurilor","status":"publish","type":"post","link":"https:\/\/centers.ulbsibiu.ro\/ccsprise\/lact\/gov-md-la-chisinau-a-avut-loc-sedinta-grupurilor-de-lucru-pentru-dezvoltarea-transportului-auto-si-infrastructurii-drumurilor\/","title":{"rendered":"Gov.md &#8211; La Chi\u0219in\u0103u a avut loc \u0219edin\u021ba grupurilor de lucru pentru dezvoltarea transportului auto \u0219i infrastructurii drumurilor"},"content":{"rendered":"<p>Pe 21 februarie 2018, la sediul Misiunii OSCE din or.Chi\u0219in\u0103u a avut loc \u0219edin\u021ba grupurilor de lucru\u00a0pentru dezvoltarea transportului auto \u0219i infrastructurii drumurilor, cu participarea reprezentan\u021bilor politici \u00een procesul de negocieri pentru reglementarea transnistrean\u0103 din partea Chi\u0219in\u0103ului \u0219i Tiraspolului, Cristina Lesnic \u0219i Vitalii Ignatiev \u0219i a partenerilor interna\u021bionali din cadrul formatului de negocieri \u201e5+2\u201d.<\/p>\n<p>Discu\u021biile s-au axat pe subiectul privind determinarea unui mecanism func\u021bional de asigurare a particip\u0103rii \u00een traficul rutier interna\u021bional a autovehiculelor din regiunea transnistrean\u0103.<\/p>\n<p>P\u0103r\u021bile au efectuat un schimb de opinii \u0219i viziuni pe marginea mecanismului \u00een cauz\u0103, expun\u00e2nd argumente concludente referitor la procedurile ce urmeaz\u0103 a fi parcurse \u00een acest sens.<\/p>\n<p>Consult\u0103rile pe elementele tehnice ale mecanismului dat vor continua \u00een cadrul urm\u0103toarei \u0219edin\u021be a grupului de lucru sectorial, data \u0219i loca\u021bia c\u0103reia urmeaz\u0103 a fi stabilite la nivelul reprezentan\u021bilor politici ai p\u0103r\u021bilor.<\/p>\n<p>Sursa:<\/p>\n<p><a href=\"http:\/\/gov.md\/ro\/content\/la-chisinau-avut-loc-sedinta-grupurilor-de-lucru-pentru-dezvoltarea-transportului-auto-si-1\">http:\/\/gov.md\/ro\/content\/la-chisinau-avut-loc-sedinta-grupurilor-de-lucru-pentru-dezvoltarea-transportului-auto-si-1<\/a><\/p>\n","protected":false},"excerpt":{"rendered":"<p>Pe 21 februarie 2018, la sediul Misiunii OSCE din or.Chi\u0219in\u0103u a avut loc \u0219edin\u021ba grupurilor de lucru\u00a0pentru dezvoltarea transportului auto \u0219i infrastructurii drumurilor, cu participarea reprezentan\u021bilor politici \u00een procesul de negocieri pentru reglementarea transnistrean\u0103 din partea Chi\u0219in\u0103ului \u0219i Tiraspolului, Cristina Lesnic \u0219i Vitalii Ignatiev \u0219i a partenerilor interna\u021bionali din cadrul formatului de negocieri \u201e5+2\u201d. Discu\u021biile&#8230;<\/p>\n","protected":false},"author":2,"featured_media":0,"comment_status":"closed","ping_status":"open","sticky":false,"template":"","format":"standard","meta":[],"categories":[1],"tags":[],"_links":{"self":[{"href":"https:\/\/centers.ulbsibiu.ro\/ccsprise\/lact\/wp-json\/wp\/v2\/posts\/4314"}],"collection":[{"href":"https:\/\/centers.ulbsibiu.ro\/ccsprise\/lact\/wp-json\/wp\/v2\/posts"}],"about":[{"href":"https:\/\/centers.ulbsibiu.ro\/ccsprise\/lact\/wp-json\/wp\/v2\/types\/post"}],"author":[{"embeddable":true,"href":"https:\/\/centers.ulbsibiu.ro\/ccsprise\/lact\/wp-json\/wp\/v2\/users\/2"}],"replies":[{"embeddable":true,"href":"https:\/\/centers.ulbsibiu.ro\/ccsprise\/lact\/wp-json\/wp\/v2\/comments?post=4314"}],"version-history":[{"count":1,"href":"https:\/\/centers.ulbsibiu.ro\/ccsprise\/lact\/wp-json\/wp\/v2\/posts\/4314\/revisions"}],"predecessor-version":[{"id":4315,"href":"https:\/\/centers.ulbsibiu.ro\/ccsprise\/lact\/wp-json\/wp\/v2\/posts\/4314\/revisions\/4315"}],"wp:attachment":[{"href":"https:\/\/centers.ulbsibiu.ro\/ccsprise\/lact\/wp-json\/wp\/v2\/media?parent=4314"}],"wp:term":[{"taxonomy":"category","embeddable":true,"href":"https:\/\/centers.ulbsibiu.ro\/ccsprise\/lact\/wp-json\/wp\/v2\/categories?post=4314"},{"taxonomy":"post_tag","embeddable":true,"href":"https:\/\/centers.ulbsibiu.ro\/ccsprise\/lact\/wp-json\/wp\/v2\/tags?post=4314"}],"curies":[{"name":"wp","href":"https:\/\/api.w.org\/{rel}","templated":true}]}}