{"id":4312,"date":"2018-02-22T17:51:18","date_gmt":"2018-02-22T15:51:18","guid":{"rendered":"https:\/\/centers.ulbsibiu.ro\/ccsprise\/lact\/?p=4312"},"modified":"2018-02-22T17:51:18","modified_gmt":"2018-02-22T15:51:18","slug":"infotag-md-reprezentantii-politici-ai-moldovei-si-transnistriei-au-desfasurat-la-chisinau-o-sedinta-cu-usile-inchise","status":"publish","type":"post","link":"https:\/\/centers.ulbsibiu.ro\/ccsprise\/lact\/infotag-md-reprezentantii-politici-ai-moldovei-si-transnistriei-au-desfasurat-la-chisinau-o-sedinta-cu-usile-inchise\/","title":{"rendered":"Infotag.md &#8211; REPREZENTAN\u0162II POLITICI AI MOLDOVEI \u015eI TRANSNISTRIEI AU DESF\u0102\u015eURAT LA CHI\u015eIN\u0102U O \u015eEDIN\u0162\u0102 CU U\u015eILE \u00ceNCHISE"},"content":{"rendered":"<p>O nou\u0103 reuniune a grupurilor de exper\u021bi din Moldova \u0219i Transnistria pentru transportul auto \u015fi dezvoltarea infrastructurii drumurilor a avut loc \u00een ajun la oficiul Misiunii OSCE din Chi\u015fin\u0103u. La \u015fedin\u0163\u0103 au participat \u015fi reprezentan\u021bi politici ai p\u0103r\u0163ilor, Cristina Lesnic \u0219i Vitalii Ignatiev.<\/p>\n<p>Potrivit agen\u0163iei INFOTAG cu referire la site-ul MAE al autoproclamatei RMN, \u201e\u00een cadrul \u015fedin\u0163ei a fost discutat detaliat \u00eentregul spectru de aspecte relevante ale mecanismului elaborat de participare a transportului auto transnistrean la traficul rutier interna\u021bional\u201d.<\/p>\n<p>Se preconizeaz\u0103 ca dialogul privind problemele transportului auto \u00een acest format s\u0103 continue \u00een viitorul apropiat.<\/p>\n<p>Jurnali\u0219tilor li s-a permis doar s\u0103 fotografieze \u00eenainte de \u015fedin\u0163\u0103, care s-a desf\u0103\u015furat cu u\u0219ile \u00eenchise. Dup\u0103 reuniune, nici Lesnic, nici Ignatiev nu au f\u0103cut niciun fel de declara\u0163ii pentru mass-media.<\/p>\n<p>Potrivit informa\u021biilor neoficiale, Chi\u0219in\u0103ul propune ca transportul auto din regiunea transnistrean\u0103 s\u0103 fie \u00eenmatriculate, ca \u015fi cele din Moldova, la Agen\u021bia Servicii Publice, iar \u0219oferilor s\u0103 li se elibereze pl\u0103cu\u0163e de \u00eenmatriculare neutre, f\u0103r\u0103 niciun element simbolic al Transnistriei. Tiraspolul insist\u0103 ca \u00eenmatricularea \u0219i eliberarea pl\u0103cu\u0163elor \u0219i documentelor s\u0103 se fac\u0103 \u00een regiune.<\/p>\n<p>Biroul pentru Reintegrare nu a dezv\u0103luit nicio informa\u021bie despre \u00eent\u00e2lnirea care a avut loc.<\/p>\n<p>Sursa:<\/p>\n<p><a href=\"http:\/\/www.infotag.md\/\">http:\/\/www.infotag.md\/rebelion-ro\/260022\/<\/a><\/p>\n","protected":false},"excerpt":{"rendered":"<p>O nou\u0103 reuniune a grupurilor de exper\u021bi din Moldova \u0219i Transnistria pentru transportul auto \u015fi dezvoltarea infrastructurii drumurilor a avut loc \u00een ajun la oficiul Misiunii OSCE din Chi\u015fin\u0103u. La \u015fedin\u0163\u0103 au participat \u015fi reprezentan\u021bi politici ai p\u0103r\u0163ilor, Cristina Lesnic \u0219i Vitalii Ignatiev. Potrivit agen\u0163iei INFOTAG cu referire la site-ul MAE al autoproclamatei RMN, \u201e\u00een&#8230;<\/p>\n","protected":false},"author":2,"featured_media":0,"comment_status":"closed","ping_status":"open","sticky":false,"template":"","format":"standard","meta":[],"categories":[1],"tags":[],"_links":{"self":[{"href":"https:\/\/centers.ulbsibiu.ro\/ccsprise\/lact\/wp-json\/wp\/v2\/posts\/4312"}],"collection":[{"href":"https:\/\/centers.ulbsibiu.ro\/ccsprise\/lact\/wp-json\/wp\/v2\/posts"}],"about":[{"href":"https:\/\/centers.ulbsibiu.ro\/ccsprise\/lact\/wp-json\/wp\/v2\/types\/post"}],"author":[{"embeddable":true,"href":"https:\/\/centers.ulbsibiu.ro\/ccsprise\/lact\/wp-json\/wp\/v2\/users\/2"}],"replies":[{"embeddable":true,"href":"https:\/\/centers.ulbsibiu.ro\/ccsprise\/lact\/wp-json\/wp\/v2\/comments?post=4312"}],"version-history":[{"count":1,"href":"https:\/\/centers.ulbsibiu.ro\/ccsprise\/lact\/wp-json\/wp\/v2\/posts\/4312\/revisions"}],"predecessor-version":[{"id":4313,"href":"https:\/\/centers.ulbsibiu.ro\/ccsprise\/lact\/wp-json\/wp\/v2\/posts\/4312\/revisions\/4313"}],"wp:attachment":[{"href":"https:\/\/centers.ulbsibiu.ro\/ccsprise\/lact\/wp-json\/wp\/v2\/media?parent=4312"}],"wp:term":[{"taxonomy":"category","embeddable":true,"href":"https:\/\/centers.ulbsibiu.ro\/ccsprise\/lact\/wp-json\/wp\/v2\/categories?post=4312"},{"taxonomy":"post_tag","embeddable":true,"href":"https:\/\/centers.ulbsibiu.ro\/ccsprise\/lact\/wp-json\/wp\/v2\/tags?post=4312"}],"curies":[{"name":"wp","href":"https:\/\/api.w.org\/{rel}","templated":true}]}}