{"id":4304,"date":"2018-02-21T18:38:35","date_gmt":"2018-02-21T16:38:35","guid":{"rendered":"https:\/\/centers.ulbsibiu.ro\/ccsprise\/lact\/?p=4304"},"modified":"2018-02-21T18:38:35","modified_gmt":"2018-02-21T16:38:35","slug":"gov-md-intrevederea-vicepremierului-cristina-lesnic-cu-ministrul-plenipotentiar-din-cadrul-directiei-generale-afaceri-politice-si-securitate-a-ministerului-afacerilor-externe-si-cooperarii-internati","status":"publish","type":"post","link":"https:\/\/centers.ulbsibiu.ro\/ccsprise\/lact\/gov-md-intrevederea-vicepremierului-cristina-lesnic-cu-ministrul-plenipotentiar-din-cadrul-directiei-generale-afaceri-politice-si-securitate-a-ministerului-afacerilor-externe-si-cooperarii-internati\/","title":{"rendered":"Gov.md &#8211; \u00centrevederea Vicepremierului Cristina Lesnic cu Ministrul Plenipoten\u021biar din cadrul Direc\u021biei Generale Afaceri Politice \u0219i Securitate a Ministerului Afacerilor Externe \u0219i Cooper\u0103rii Interna\u021bionale al Italiei Alfredo Conte"},"content":{"rendered":"<p>Vicepremierul Cristina Lesnic a avut ast\u0103zi, 20 februarie, o \u00eentrevedere cu Ministrul Plenipoten\u021biar din cadrul Direc\u021biei Generale Afaceri Politice \u0219i Securitate a Ministerului Afacerilor Externe \u0219i Cooper\u0103rii Interna\u021bionale al Italiei Alfredo Conte, cu participarea \u0219efului Misiunii OSCE \u00een Moldova Michael Scanlan.<\/p>\n<p>Dup\u0103 cum s-a convenit \u00een cadrul convorbirii telefonice din 09 februarie curent dintre Viceprim-ministrul C.Lesnic \u0219i Reprezentantul special al Pre\u0219edintelui \u00een exerci\u021biu al OSCE pentru reglementarea conflictului transnistrean Fr. Frattini, scopul vizitei Ambasadorului Alfredo Conte a constat \u00een documentarea cu evolu\u021biile \u00eenregistrate pe problematica transnistrean\u0103 \u0219i \u00een purtarea unor consult\u0103ri vizavi de posibilitatea facilit\u0103rii dialogului Chi\u0219in\u0103u-Tiraspol de c\u0103tre partea italian\u0103.<\/p>\n<p>Vicepremierul a adus la cuno\u0219tin\u021b\u0103 ultimele progrese ob\u021binute \u00een realizarea documentelor sectoriale semnate \u00een negocieri \u00een anul 2017, a punctat abord\u0103rile Chi\u0219in\u0103ului \u0219i m\u0103surile \u00eentreprinse pentru a avansa dialogul \u0219i pe marginea altor subiecte ce au fost determinate ca priorit\u0103\u021bi \u00een Protocolul de la Viena (27-28 noiembrie 2017), a men\u021bionat c\u0103 motto-ul cu genericul \u201eDialogue, Ownership, Responsibility\u201d va servi drept un ghid de activitate pentru anul \u00een curs, precum \u0219i a salutat obiectivele Pre\u0219edin\u021biei italiene s\u0103 faciliteze valorificarea progreselor anului trecut.<\/p>\n<p>La r\u00e2ndul s\u0103u, Alfredo Conte a l\u0103udat p\u0103r\u021bile pentru implementarea \u00een comun a \u00een\u021belegerilor semnate anul trecut \u0219i a subliniat necesitatea de a finisa negocierea subiectelor prioritare restante, inclusiv a mecanismului care ar permite participarea mijloacelor de transport din Transnistria \u00een traficul rutier interna\u021bional.<\/p>\n<p>Sursa:<\/p>\n<p><a href=\"http:\/\/gov.md\/ro\/content\/intrevederea-vicepremierului-cristina-lesnic-cu-ministrul-plenipotentiar-din-cadrul\">http:\/\/gov.md\/ro\/content\/intrevederea-vicepremierului-cristina-lesnic-cu-ministrul-plenipotentiar-din-cadrul<\/a><\/p>\n","protected":false},"excerpt":{"rendered":"<p>Vicepremierul Cristina Lesnic a avut ast\u0103zi, 20 februarie, o \u00eentrevedere cu Ministrul Plenipoten\u021biar din cadrul Direc\u021biei Generale Afaceri Politice \u0219i Securitate a Ministerului Afacerilor Externe \u0219i Cooper\u0103rii Interna\u021bionale al Italiei Alfredo Conte, cu participarea \u0219efului Misiunii OSCE \u00een Moldova Michael Scanlan. Dup\u0103 cum s-a convenit \u00een cadrul convorbirii telefonice din 09 februarie curent dintre Viceprim-ministrul&#8230;<\/p>\n","protected":false},"author":2,"featured_media":0,"comment_status":"closed","ping_status":"open","sticky":false,"template":"","format":"standard","meta":[],"categories":[1],"tags":[],"_links":{"self":[{"href":"https:\/\/centers.ulbsibiu.ro\/ccsprise\/lact\/wp-json\/wp\/v2\/posts\/4304"}],"collection":[{"href":"https:\/\/centers.ulbsibiu.ro\/ccsprise\/lact\/wp-json\/wp\/v2\/posts"}],"about":[{"href":"https:\/\/centers.ulbsibiu.ro\/ccsprise\/lact\/wp-json\/wp\/v2\/types\/post"}],"author":[{"embeddable":true,"href":"https:\/\/centers.ulbsibiu.ro\/ccsprise\/lact\/wp-json\/wp\/v2\/users\/2"}],"replies":[{"embeddable":true,"href":"https:\/\/centers.ulbsibiu.ro\/ccsprise\/lact\/wp-json\/wp\/v2\/comments?post=4304"}],"version-history":[{"count":1,"href":"https:\/\/centers.ulbsibiu.ro\/ccsprise\/lact\/wp-json\/wp\/v2\/posts\/4304\/revisions"}],"predecessor-version":[{"id":4305,"href":"https:\/\/centers.ulbsibiu.ro\/ccsprise\/lact\/wp-json\/wp\/v2\/posts\/4304\/revisions\/4305"}],"wp:attachment":[{"href":"https:\/\/centers.ulbsibiu.ro\/ccsprise\/lact\/wp-json\/wp\/v2\/media?parent=4304"}],"wp:term":[{"taxonomy":"category","embeddable":true,"href":"https:\/\/centers.ulbsibiu.ro\/ccsprise\/lact\/wp-json\/wp\/v2\/categories?post=4304"},{"taxonomy":"post_tag","embeddable":true,"href":"https:\/\/centers.ulbsibiu.ro\/ccsprise\/lact\/wp-json\/wp\/v2\/tags?post=4304"}],"curies":[{"name":"wp","href":"https:\/\/api.w.org\/{rel}","templated":true}]}}