{"id":4296,"date":"2018-02-20T20:27:09","date_gmt":"2018-02-20T18:27:09","guid":{"rendered":"https:\/\/centers.ulbsibiu.ro\/ccsprise\/lact\/?p=4296"},"modified":"2020-06-12T18:49:13","modified_gmt":"2020-06-12T16:49:13","slug":"infotag-md-expert-rusia-si-a-dat-seama-de-importanta-transnistriei","status":"publish","type":"post","link":"https:\/\/centers.ulbsibiu.ro\/ccsprise\/lact\/infotag-md-expert-rusia-si-a-dat-seama-de-importanta-transnistriei\/","title":{"rendered":"Infotag.md &#8211; EXPERT: RUSIA \u015eI-A DAT SEAMA DE IMPORTAN\u021aA TRANSNISTRIEI"},"content":{"rendered":"<div class=\"news-text\">\n<p>Moscova \u015fi-a dat seama de importan\u021ba Transnistriei \u00een contextul politicii externe a Rusiei, pentru c\u0103 aici Rusia are propriile sale interese \u0219i numai Transnistria este ap\u0103r\u0103torul lor prin existen\u021ba sa\u201d, sus\u0163ine directorul Institutului pentru studii social-politice \u0219i dezvoltare regional\u0103, Igor \u015eornikov.<\/p>\n<p>Potrivit agen\u0163iei INFOTAG cu referire la un interviu al s\u0103u pentru presa transnistrean\u0103 la subiectul influen\u0163ei alegerilor preziden\u0163iale ruse asupra Transnistriei, el a spus c\u0103, \u201e\u00een pofida tuturor afirma\u021biilor diploma\u021biei oficiale ruse privind recunoa\u0219terea integrit\u0103\u021bii teritoriale a Republicii Moldova, Federa\u021bia Rus\u0103 continu\u0103 s\u0103 sus\u021bin\u0103 Transnistria, iar \u00een ultimii ani volumul acestei asisten\u021be a crescut doar, iar percep\u021bia republicii \u00een Rusia s-a schimbat semnificativ cu timpul\u201d.<\/p>\n<p>Expertul sus\u0163ine c\u0103 aceasta \u00eenseamn\u0103 c\u0103 Transnistria este interesat\u0103 \u201es\u0103 p\u0103streze continuitatea cursului de politic\u0103 extern\u0103 ruseasc\u0103\u201d.<\/p>\n<p>La r\u00e2ndul s\u0103u, fostul ministrul al Afacerilor Externe al regiunii, Vladimir Iastrebceak, consider\u0103 c\u0103, chiar dac\u0103 dup\u0103 alegerile preziden\u0163iale din 18 martie \u00een Rusia va fi un alt \u015fef de stat, \u201eaceasta nu \u00eenseamn\u0103 c\u0103 Federa\u0163ia Rus\u0103 se va \u00eentoarce imediat de la RMN, iar rela\u021biile dintre cele dou\u0103 \u021b\u0103ri vor fi \u00eentrerupte\u201d.<\/p>\n<p>El avertizeaz\u0103 c\u0103, \u201ede\u0219i Rusia \u0219i Transnistria sunt str\u00e2ns legate de o istorie, cultur\u0103 \u0219i valori comune, le rela\u021bii dintre cele dou\u0103 \u021b\u0103ri nu trebuie percepute ca ceva de la sine\u201d.<\/p>\n<p>\u201eEste necesar s\u0103 lucr\u0103m, ca acestea s\u0103 r\u0103m\u00e2n\u0103 \u00een continuare la fel. \u0218i unul dintre pa\u0219ii pe care \u00eei poate face Transnistria \u00een \u00eent\u00e2mpinarea Rusiei este participarea activ\u0103 a locuitorilor republicii la alegerile preziden\u021biale din Rusia. \u0218i chiar dac\u0103 viitorul Rusiei poate nu va depinde \u00een cele din urm\u0103 de voturile transnistrenilor, dar aceste voturi va depinde de viitorul Rusiei \u00een Transnistria, \u0219i poate chiar al Transnistriei \u00een componen\u0163a Federa\u021biei Ruse \u00een calitate de un subiect al federa\u021biei\u201d, a spus Iastrebceak.<\/p>\n<p>Sursa:<\/p>\n<p><a href=\"http:\/\/www.infotag.md\/rebelion-ro\/259848\/\">http:\/\/www.infotag.md\/rebelion-ro\/259848\/<\/a><\/p>\n<\/div>\n","protected":false},"excerpt":{"rendered":"<p>Moscova \u015fi-a dat seama de importan\u021ba Transnistriei \u00een contextul politicii externe a Rusiei, pentru c\u0103 aici Rusia are propriile sale interese \u0219i numai Transnistria este ap\u0103r\u0103torul lor prin existen\u021ba sa\u201d, sus\u0163ine directorul Institutului pentru studii social-politice \u0219i dezvoltare regional\u0103, Igor \u015eornikov. Potrivit agen\u0163iei INFOTAG cu referire la un interviu al s\u0103u pentru presa transnistrean\u0103 la&#8230;<\/p>\n","protected":false},"author":2,"featured_media":0,"comment_status":"closed","ping_status":"open","sticky":false,"template":"","format":"standard","meta":[],"categories":[1],"tags":[],"_links":{"self":[{"href":"https:\/\/centers.ulbsibiu.ro\/ccsprise\/lact\/wp-json\/wp\/v2\/posts\/4296"}],"collection":[{"href":"https:\/\/centers.ulbsibiu.ro\/ccsprise\/lact\/wp-json\/wp\/v2\/posts"}],"about":[{"href":"https:\/\/centers.ulbsibiu.ro\/ccsprise\/lact\/wp-json\/wp\/v2\/types\/post"}],"author":[{"embeddable":true,"href":"https:\/\/centers.ulbsibiu.ro\/ccsprise\/lact\/wp-json\/wp\/v2\/users\/2"}],"replies":[{"embeddable":true,"href":"https:\/\/centers.ulbsibiu.ro\/ccsprise\/lact\/wp-json\/wp\/v2\/comments?post=4296"}],"version-history":[{"count":1,"href":"https:\/\/centers.ulbsibiu.ro\/ccsprise\/lact\/wp-json\/wp\/v2\/posts\/4296\/revisions"}],"predecessor-version":[{"id":4297,"href":"https:\/\/centers.ulbsibiu.ro\/ccsprise\/lact\/wp-json\/wp\/v2\/posts\/4296\/revisions\/4297"}],"wp:attachment":[{"href":"https:\/\/centers.ulbsibiu.ro\/ccsprise\/lact\/wp-json\/wp\/v2\/media?parent=4296"}],"wp:term":[{"taxonomy":"category","embeddable":true,"href":"https:\/\/centers.ulbsibiu.ro\/ccsprise\/lact\/wp-json\/wp\/v2\/categories?post=4296"},{"taxonomy":"post_tag","embeddable":true,"href":"https:\/\/centers.ulbsibiu.ro\/ccsprise\/lact\/wp-json\/wp\/v2\/tags?post=4296"}],"curies":[{"name":"wp","href":"https:\/\/api.w.org\/{rel}","templated":true}]}}