{"id":4294,"date":"2018-02-20T20:24:03","date_gmt":"2018-02-20T18:24:03","guid":{"rendered":"https:\/\/centers.ulbsibiu.ro\/ccsprise\/lact\/?p=4294"},"modified":"2018-02-20T20:24:03","modified_gmt":"2018-02-20T18:24:03","slug":"publika-md-osce-va-sprijini-moldova-in-demersul-sau-privind-retragerea-trupelor-ruse-stationate-ilegal-in-stanga-nistrului","status":"publish","type":"post","link":"https:\/\/centers.ulbsibiu.ro\/ccsprise\/lact\/publika-md-osce-va-sprijini-moldova-in-demersul-sau-privind-retragerea-trupelor-ruse-stationate-ilegal-in-stanga-nistrului\/","title":{"rendered":"Publika.md &#8211; OSCE va sprijini Moldova \u00een demersul s\u0103u privind retragerea trupelor ruse sta\u021bionate ilegal \u00een st\u00e2nga Nistrului"},"content":{"rendered":"<p><strong>OSCE va sprijini Moldova \u00een demersul s\u0103u privind retragerea trupelor ruse sta\u021bionate ilegal \u00een st\u00e2nga Nistrului. Asta afirm\u0103 \u00eentr-un comunicat de pres\u0103 secretarul general al organiza\u021biei, Thomas Greminger. <\/strong><\/p>\n<p>Declara\u0163ia a fost f\u0103cut\u0103 \u00een urma \u00eentrevederii cu premierul Pavel Filip, care a avut loc la sf\u00e2r\u0219itul s\u0103pt\u0103m\u00e2nii trecute, \u00een Germania.<\/p>\n<p>Greminger a dat asigur\u0103ri c\u0103 va acorda tot sprijinul s\u0103u \u00een \u00een procesul de reglementare a conflictului transnistrean \u0219i a salutat implicarea Chi\u0219in\u0103ului \u00een rezolvarea problemelor cet\u0103\u021benilor de pe cele dou\u0103 maluri ale Nistrului.<\/p>\n<p>La r\u00e2ndul s\u0103u, premierul Filip a spus c\u0103 autorit\u0103\u0163ile constitu\u0163ionale vor pleda \u00een continuare pentru acordarea unui statut juridic special pentru regiunea transnistrean\u0103, cu respectarea integrit\u0103\u021bii teritoriale a Republicii Moldova.<\/p>\n<p>Cite\u0219te mai mult: <a href=\"https:\/\/www.publika.md\/osce-va-sprijini-moldova-in-demersul-sau-privind-retragerea-trupelor-ruse-stationate-ilegal-in-stanga-nistrului_2996347.html#ixzz57frDHhm3\">https:\/\/www.publika.md\/osce-va-sprijini-moldova-in-demersul-sau-privind-retragerea-trupelor-ruse-stationate-ilegal-in-stanga-nistrului_2996347.html#ixzz57frDHhm3<\/a><\/p>\n","protected":false},"excerpt":{"rendered":"<p>OSCE va sprijini Moldova \u00een demersul s\u0103u privind retragerea trupelor ruse sta\u021bionate ilegal \u00een st\u00e2nga Nistrului. Asta afirm\u0103 \u00eentr-un comunicat de pres\u0103 secretarul general al organiza\u021biei, Thomas Greminger. Declara\u0163ia a fost f\u0103cut\u0103 \u00een urma \u00eentrevederii cu premierul Pavel Filip, care a avut loc la sf\u00e2r\u0219itul s\u0103pt\u0103m\u00e2nii trecute, \u00een Germania. Greminger a dat asigur\u0103ri c\u0103 va&#8230;<\/p>\n","protected":false},"author":2,"featured_media":0,"comment_status":"closed","ping_status":"open","sticky":false,"template":"","format":"standard","meta":[],"categories":[1],"tags":[],"_links":{"self":[{"href":"https:\/\/centers.ulbsibiu.ro\/ccsprise\/lact\/wp-json\/wp\/v2\/posts\/4294"}],"collection":[{"href":"https:\/\/centers.ulbsibiu.ro\/ccsprise\/lact\/wp-json\/wp\/v2\/posts"}],"about":[{"href":"https:\/\/centers.ulbsibiu.ro\/ccsprise\/lact\/wp-json\/wp\/v2\/types\/post"}],"author":[{"embeddable":true,"href":"https:\/\/centers.ulbsibiu.ro\/ccsprise\/lact\/wp-json\/wp\/v2\/users\/2"}],"replies":[{"embeddable":true,"href":"https:\/\/centers.ulbsibiu.ro\/ccsprise\/lact\/wp-json\/wp\/v2\/comments?post=4294"}],"version-history":[{"count":1,"href":"https:\/\/centers.ulbsibiu.ro\/ccsprise\/lact\/wp-json\/wp\/v2\/posts\/4294\/revisions"}],"predecessor-version":[{"id":4295,"href":"https:\/\/centers.ulbsibiu.ro\/ccsprise\/lact\/wp-json\/wp\/v2\/posts\/4294\/revisions\/4295"}],"wp:attachment":[{"href":"https:\/\/centers.ulbsibiu.ro\/ccsprise\/lact\/wp-json\/wp\/v2\/media?parent=4294"}],"wp:term":[{"taxonomy":"category","embeddable":true,"href":"https:\/\/centers.ulbsibiu.ro\/ccsprise\/lact\/wp-json\/wp\/v2\/categories?post=4294"},{"taxonomy":"post_tag","embeddable":true,"href":"https:\/\/centers.ulbsibiu.ro\/ccsprise\/lact\/wp-json\/wp\/v2\/tags?post=4294"}],"curies":[{"name":"wp","href":"https:\/\/api.w.org\/{rel}","templated":true}]}}