{"id":4292,"date":"2018-02-19T19:30:54","date_gmt":"2018-02-19T17:30:54","guid":{"rendered":"https:\/\/centers.ulbsibiu.ro\/ccsprise\/lact\/?p=4292"},"modified":"2018-02-19T19:30:54","modified_gmt":"2018-02-19T17:30:54","slug":"infotag-md-presedintele-promo-lex-neexecutarea-hotararilor-cedo-submineaza-increderea-transnistrenilor-in-justitie","status":"publish","type":"post","link":"https:\/\/centers.ulbsibiu.ro\/ccsprise\/lact\/infotag-md-presedintele-promo-lex-neexecutarea-hotararilor-cedo-submineaza-increderea-transnistrenilor-in-justitie\/","title":{"rendered":"Infotag.md &#8211; PRE\u015eEDINTELE PROMO-LEX: NEEXECUTAREA HOT\u0102R\u00c2RILOR CEDO SUBMINEAZ\u0102 \u00ceNCREDEREA TRANSNISTRENILOR \u00ceN JUSTI\u0162IE"},"content":{"rendered":"<p>Curtea European\u0103 a Drepturilor Omului (CEDO) deseori este singurul instrument de ap\u0103rare a drepturilor locuitorilor Transnistriei, iar neexecutarea hot\u0103r\u00e2rilor sale submineaz\u0103 \u00eencrederea lor \u00een justi\u021bie, consider\u0103 pre\u0219edintele Asocia\u021biei pentru Drepturile Omului Promo-LEX, Ion Manole.<\/p>\n<p>Potrivit agen\u0163iei INFOTAG, luni, la conferin\u021ba interna\u021bional\u0103 \u201eExecutarea deciziilor CEDO pronun\u021bate \u00een cauzele din regiunea transnistrean\u0103 a Republicii Moldova\u201d, desf\u0103\u015furat\u0103 la Chi\u0219in\u0103u, el a amintit c\u0103 Rusia a fost recunoscut\u0103 \u00een mod repetat de c\u0103tre instan\u021ba respectiv\u0103 de \u00eenc\u0103lcarea drepturilor omului \u00een Transnistria, \u00eens\u0103 acest lucru nu scute\u0219te autorit\u0103\u021bile moldovene de asigurarea drepturilor locuitorilor din regiune.<\/p>\n<p>Potrivit lui, problema drepturilor omului \u00een Transnistria este complicat\u0103 prin faptul c\u0103, dac\u0103 autorit\u0103\u021bile oficiale la Chi\u0219in\u0103u sunt periodic verificate de c\u0103tre organiza\u021biile interna\u021bionale, \u00een cazul regiunilor separatiste acest lucru este imposibil din cauza barierelor pe care le creeaz\u0103 liderii acestor forma\u021biuni.<\/p>\n<p>\u201e\u00cen situa\u021bia drepturilor omului \u00een Transnistria nu se poate intervine f\u0103r\u0103 implicarea activ\u0103 a societ\u0103\u0163ii civile \u0219i a organiza\u021biilor neguvernamentale locale\u201d, consider\u0103 Manole.<\/p>\n<p>Viceprim-ministrul pentru Reintegrare, Cristina Lesnic, a spus c\u0103 \u00een cadrul discu\u021biilor cu autorit\u0103\u021bile transnistrene a reu\u0219it s\u0103 se convin\u0103 asupra relu\u0103rii activit\u0103\u0163ii subgrupului privind drepturile omului, care nu au func\u021bionat mai mult timp.<\/p>\n<p>\u201eOrice decizie a CEDO este legat\u0103 de dialog, dar acesta este posibil numai dac\u0103 exist\u0103 \u00een\u021belegere reciproc\u0103\u201d, a spus ea.<\/p>\n<p>Ministrul Justi\u021biei, Alexandru T\u0103nase, a men\u0163ionat c\u0103 diferendul transnistrean este \u201eo tragedie na\u021bional\u0103 care nu permite \u021b\u0103rii s\u0103 se dezvolte normal\u201d.<\/p>\n<p>El a amintit c\u0103 cazul Ila\u0219cu \u0219i al\u0163ii \u00eempotriva Moldovei \u0219i Rusiei a devenit unul de mare importan\u0163\u0103 \u00een formarea rela\u021biilor dintre CEDO \u0219i Republica Moldova. Curtea \u00een acel caz a constatat c\u0103 Federa\u021bia Rus\u0103 acord\u0103 sprijin politic \u0219i material regimului din Transnistria \u0219i, prin urmare, Rusia este responsabil\u0103 de respectarea drepturilor omului \u00een regiune.<\/p>\n<p>\u201eCet\u0103\u021benii Moldovei nu pot circula liber din cauza a\u0219a-numitei frontiere. De exemplu, din 2009 eu nu am reu\u0219it s\u0103 vizitez localit\u0103\u0163ile din st\u00e2nga Nistrului\u201d, a spus T\u0103nase.<\/p>\n<p>Participan\u021bii la conferin\u021b\u0103 au remarcat c\u0103, cel mai adesea, \u00een Transnistria se \u00eencalc\u0103 dreptul la educa\u021bie, la libera circula\u021bie \u0219i dreptul la un proces echitabil.<\/p>\n<p>INFOTAG precizeaz\u0103: Rusia a fost condamnat\u0103 de 13 ori pentru \u00eenc\u0103lcarea drepturilor omului \u00een Transnistria. CEDO a obligat Guvernul Moldovei s\u0103 pl\u0103teasc\u0103 peste 2,3 mil. de euro drept prejudicii morale \u0219i materiale, din care 963 mii euro au fost pl\u0103tite reclaman\u021bilor.<\/p>\n<p>Sursa:<\/p>\n<p><a href=\"http:\/\/www.infotag.md\/rebelion-ro\/259794\/\">http:\/\/www.infotag.md\/rebelion-ro\/259794\/<\/a><\/p>\n","protected":false},"excerpt":{"rendered":"<p>Curtea European\u0103 a Drepturilor Omului (CEDO) deseori este singurul instrument de ap\u0103rare a drepturilor locuitorilor Transnistriei, iar neexecutarea hot\u0103r\u00e2rilor sale submineaz\u0103 \u00eencrederea lor \u00een justi\u021bie, consider\u0103 pre\u0219edintele Asocia\u021biei pentru Drepturile Omului Promo-LEX, Ion Manole. Potrivit agen\u0163iei INFOTAG, luni, la conferin\u021ba interna\u021bional\u0103 \u201eExecutarea deciziilor CEDO pronun\u021bate \u00een cauzele din regiunea transnistrean\u0103 a Republicii Moldova\u201d, desf\u0103\u015furat\u0103 la&#8230;<\/p>\n","protected":false},"author":2,"featured_media":0,"comment_status":"closed","ping_status":"open","sticky":false,"template":"","format":"standard","meta":[],"categories":[1],"tags":[],"_links":{"self":[{"href":"https:\/\/centers.ulbsibiu.ro\/ccsprise\/lact\/wp-json\/wp\/v2\/posts\/4292"}],"collection":[{"href":"https:\/\/centers.ulbsibiu.ro\/ccsprise\/lact\/wp-json\/wp\/v2\/posts"}],"about":[{"href":"https:\/\/centers.ulbsibiu.ro\/ccsprise\/lact\/wp-json\/wp\/v2\/types\/post"}],"author":[{"embeddable":true,"href":"https:\/\/centers.ulbsibiu.ro\/ccsprise\/lact\/wp-json\/wp\/v2\/users\/2"}],"replies":[{"embeddable":true,"href":"https:\/\/centers.ulbsibiu.ro\/ccsprise\/lact\/wp-json\/wp\/v2\/comments?post=4292"}],"version-history":[{"count":1,"href":"https:\/\/centers.ulbsibiu.ro\/ccsprise\/lact\/wp-json\/wp\/v2\/posts\/4292\/revisions"}],"predecessor-version":[{"id":4293,"href":"https:\/\/centers.ulbsibiu.ro\/ccsprise\/lact\/wp-json\/wp\/v2\/posts\/4292\/revisions\/4293"}],"wp:attachment":[{"href":"https:\/\/centers.ulbsibiu.ro\/ccsprise\/lact\/wp-json\/wp\/v2\/media?parent=4292"}],"wp:term":[{"taxonomy":"category","embeddable":true,"href":"https:\/\/centers.ulbsibiu.ro\/ccsprise\/lact\/wp-json\/wp\/v2\/categories?post=4292"},{"taxonomy":"post_tag","embeddable":true,"href":"https:\/\/centers.ulbsibiu.ro\/ccsprise\/lact\/wp-json\/wp\/v2\/tags?post=4292"}],"curies":[{"name":"wp","href":"https:\/\/api.w.org\/{rel}","templated":true}]}}