{"id":4287,"date":"2018-02-19T19:18:52","date_gmt":"2018-02-19T17:18:52","guid":{"rendered":"https:\/\/centers.ulbsibiu.ro\/ccsprise\/lact\/?p=4287"},"modified":"2018-02-19T19:21:37","modified_gmt":"2018-02-19T17:21:37","slug":"unimedia-md-0-distribuiri-unimedia-blogs-ion-bargan-fondator-bestseller-tu-iarba-tot-ai-mama-de-grigore-vieru-elena-robu-prezentator-albnegru-moldoveanc","status":"publish","type":"post","link":"https:\/\/centers.ulbsibiu.ro\/ccsprise\/lact\/unimedia-md-0-distribuiri-unimedia-blogs-ion-bargan-fondator-bestseller-tu-iarba-tot-ai-mama-de-grigore-vieru-elena-robu-prezentator-albnegru-moldoveanc\/","title":{"rendered":"Unimedia.md &#8211; Pavel Filip a solicitat la Munchen retragerea trupelor ruse de pe teritoriul Republicii Moldova"},"content":{"rendered":"<p>\u00cen marja Conferin\u0163ei\u00a0 de securitate de la Munchen, care se desf\u0103\u015foar\u0103 zilele acestea \u00een capitala bavarez\u0103, premierul Pavel Filip, al\u0103turi de Comisarul european pentru politic\u0103 de vecin\u0103tate \u015fi negocieri pentru extindere Johannes Hahn, pre\u015fedintele comitetului pentru afaceri externe al Dumei de stat al Federa\u0163iei Ruse, Konstantin Kosaciov, \u0219i Pre\u015fedintele Armeniei, Serzh Sargsyan, au participat la o sesiune de discu\u0163ii interactive privind vectorul de dezvoltare al \u0163\u0103rii \u00een context geopolitic \u015fi principalele preocup\u0103ri pe plan extern ale Republicii Moldova<\/p>\n<p>Premierul Pavel Filip a men\u021bionat c\u0103 una din cele mai des auzite caracteriz\u0103ri a situa\u021biei actuale \u00een afacerile interna\u021bionale este imprevizibilitatea.\u00a0Aceasta genereaz\u0103 lipsa de \u00eencredere \u00een institu\u021bii \u0219i reguli, dezorientare politic\u0103, descurajeaz\u0103 investi\u021biile externe, ceea ce afecteaz\u0103 cre\u015fterea economic\u0103.<\/p>\n<p>O stare de incertitudine planeaz\u0103 \u0219i asupra Europei de Est \u0219i toate \u021b\u0103rile din regiune se confrunt\u0103 cu un set de probleme similare. Prima categorie \u0163ine de probleme interne, cum ar fi, reformele structurale, consolidarea institu\u0163iilor democratice, lupta cu corup\u0163ia, reducerea s\u0103r\u0103ciei, modernizarea infrastructurii. A doua categorie de probleme, potrivit premierului, estegenerat\u0103 de faptul c\u0103 prin Europa de Est trec principalele linii de divizare geopolitic\u0103 \u00eentre Est \u015fi Vest. \u00a0\u0218i\u00a0 a treia categorie, str\u00e2ns legat\u0103 de precedenta, \u0163ine de rela\u0163iile fiec\u0103rei \u0163\u0103ri cu Rusia.<\/p>\n<p>Pe l\u00e2ng\u0103 problemele men\u0163ionate, exist\u0103 \u015fi a patra categorie care alimenteaz\u0103 starea general\u0103 de incertitudine \u2013 \u015fi anume lipsa unei direc\u0163ii strategice de dezvoltare pentru aceast\u0103 regiune.<\/p>\n<p>\u201dRepublica Moldova se confrunt\u0103 cu toate aceste probleme \u00een diferit\u0103 m\u0103sur\u0103, dar \u00eencearc\u0103 s\u0103 le rezolve sau s\u0103 le diminueze. Noi promov\u0103m o agend\u0103 ambi\u021bioas\u0103 de reforme bazate pe Acordul de Asociere cu UE\u201d, a subliniat prim-ministrul Pavel Filip.<\/p>\n<p>Vorbind despre rela\u0163iile Republicii Moldova cu Rusia, prim-ministrul a men\u021bionat ca este un dosar complicat. \u201dNoi ne dorim o rela\u0163ie echilibrat\u0103, prietenoas\u0103 cu Moscova. O rela\u0163ie \u00een care cooperarea noastr\u0103 comercial\u0103 nu va fi politizat\u0103, iar dialogul va fi bazat pe respect reciproc\u201d, a specificat Pavel Filip. O rela\u0163ie \u00een care se va vedea o dorin\u0163\u0103 real\u0103 de a ajuta \u00een reglementarea conflictului transnistrean \u015fi de a retrage de pe teritoriul Republicii Moldova for\u0163ele militare \u015fi muni\u0163iile.<\/p>\n<p>\u00cen finalul interven\u021biei sale, prim-ministrul a spus c\u0103 la finele acestui an \u00een Republica Moldova vor avea loc alegeri parlamentare \u0219i autorit\u0103\u0163ile vor face tot ce este necesar pentru a asigura caracterul liber \u015fi corect al scrutinului parlamentar.<\/p>\n<p>Pavel Filip a accentuat c\u0103 este \u00een interesul comun de f\u0103cut astfel \u00eenc\u00e2t situa\u0163ia \u00een regiunea Europei de Est s\u0103 fie c\u00e2t mai previzibil\u0103 \u015fi stabil\u0103. Rolul principal \u00een realizarea acestui obiectiv le revine \u00eensu\u015fi \u0163\u0103rilor est-europene &#8211; s\u0103 devin\u0103 mai prospere \u015fi s\u0103-\u015fi consolideze rezilien\u0163a \u00een fa\u0163a provoc\u0103rilor interne \u015fi externe.<\/p>\n<p>Sursa:<\/p>\n<p><a href=\"http:\/\/unimedia.info\/stiri\/pavel-filip-a-solicitat-la-munchen-retragerea-trupelor-ruse-de-pe-teritoriul-republicii-moldova-148306.html\">http:\/\/unimedia.info\/stiri\/pavel-filip-a-solicitat-la-munchen-retragerea-trupelor-ruse-de-pe-teritoriul-republicii-moldova-148306.html<\/a><\/p>\n","protected":false},"excerpt":{"rendered":"<p>\u00cen marja Conferin\u0163ei\u00a0 de securitate de la Munchen, care se desf\u0103\u015foar\u0103 zilele acestea \u00een capitala bavarez\u0103, premierul Pavel Filip, al\u0103turi de Comisarul european pentru politic\u0103 de vecin\u0103tate \u015fi negocieri pentru extindere Johannes Hahn, pre\u015fedintele comitetului pentru afaceri externe al Dumei de stat al Federa\u0163iei Ruse, Konstantin Kosaciov, \u0219i Pre\u015fedintele Armeniei, Serzh Sargsyan, au participat la&#8230;<\/p>\n","protected":false},"author":2,"featured_media":0,"comment_status":"closed","ping_status":"open","sticky":false,"template":"","format":"standard","meta":[],"categories":[1],"tags":[],"_links":{"self":[{"href":"https:\/\/centers.ulbsibiu.ro\/ccsprise\/lact\/wp-json\/wp\/v2\/posts\/4287"}],"collection":[{"href":"https:\/\/centers.ulbsibiu.ro\/ccsprise\/lact\/wp-json\/wp\/v2\/posts"}],"about":[{"href":"https:\/\/centers.ulbsibiu.ro\/ccsprise\/lact\/wp-json\/wp\/v2\/types\/post"}],"author":[{"embeddable":true,"href":"https:\/\/centers.ulbsibiu.ro\/ccsprise\/lact\/wp-json\/wp\/v2\/users\/2"}],"replies":[{"embeddable":true,"href":"https:\/\/centers.ulbsibiu.ro\/ccsprise\/lact\/wp-json\/wp\/v2\/comments?post=4287"}],"version-history":[{"count":4,"href":"https:\/\/centers.ulbsibiu.ro\/ccsprise\/lact\/wp-json\/wp\/v2\/posts\/4287\/revisions"}],"predecessor-version":[{"id":4291,"href":"https:\/\/centers.ulbsibiu.ro\/ccsprise\/lact\/wp-json\/wp\/v2\/posts\/4287\/revisions\/4291"}],"wp:attachment":[{"href":"https:\/\/centers.ulbsibiu.ro\/ccsprise\/lact\/wp-json\/wp\/v2\/media?parent=4287"}],"wp:term":[{"taxonomy":"category","embeddable":true,"href":"https:\/\/centers.ulbsibiu.ro\/ccsprise\/lact\/wp-json\/wp\/v2\/categories?post=4287"},{"taxonomy":"post_tag","embeddable":true,"href":"https:\/\/centers.ulbsibiu.ro\/ccsprise\/lact\/wp-json\/wp\/v2\/tags?post=4287"}],"curies":[{"name":"wp","href":"https:\/\/api.w.org\/{rel}","templated":true}]}}