{"id":4283,"date":"2018-02-16T20:30:17","date_gmt":"2018-02-16T18:30:17","guid":{"rendered":"https:\/\/centers.ulbsibiu.ro\/ccsprise\/lact\/?p=4283"},"modified":"2018-02-16T20:31:14","modified_gmt":"2018-02-16T18:31:14","slug":"infotag-md-mae-de-la-tiraspol-nu-este-de-acord-ca-institutiile-moldovei-sa-elibereze-placutele-de-inmatriculare-pentru-automobilele-transnistrene","status":"publish","type":"post","link":"https:\/\/centers.ulbsibiu.ro\/ccsprise\/lact\/infotag-md-mae-de-la-tiraspol-nu-este-de-acord-ca-institutiile-moldovei-sa-elibereze-placutele-de-inmatriculare-pentru-automobilele-transnistrene\/","title":{"rendered":"Infotag.md &#8211; MAE DE LA TIRASPOL NU ESTE DE ACORD CA INSTITU\u0162IILE MOLDOVEI S\u0102 ELIBEREZE PL\u0102CU\u0162ELE DE \u00ceNMATRICULARE PENTRU AUTOMOBILELE TRANSNISTRENE"},"content":{"rendered":"<p>Partea transnistrean\u0103 nu discut\u0103 posibilitatea ca institu\u0163iile abilitate ale Republicii Moldova s\u0103 elibereze pl\u0103cu\u0163e de \u00eenmatriculare \u015fi alte acte pentru de\u0163in\u0103torii de transport auto din Transnistria. Despre aceasta se men\u0163ioneaz\u0103 \u00een comentariul MAE al autoproclamatei RMN, publicat vineri, cu privire la \u201einforma\u0163iile ap\u0103rute \u00een presa din Moldova referitor la \u00een\u0163elegerea privind mecanismul de participare a transportului auto transnistrean la traficul rutier interna\u0163ional\u201d.<\/p>\n<p>Potrivit agen\u0163iei INFOTAG, MAE al regiunii a spus c\u0103 \u201einterpret\u0103rile reprezentantului RM sunt incorecte\u201d, subliniind c\u0103 \u201eparametrii mecanismului discutat se afl\u0103 la etapa de elaborare\u201d.<\/p>\n<p>\u201eMecanismul practic elaborat de p\u0103r\u0163i se va baza pe normele Conven\u021biei de la Viena privind traficul rutier, pe recomand\u0103rile partenerilor str\u0103ini \u0219i pe experien\u021ba interna\u021bional\u0103 \u00een acest domeniu\u201d, se arat\u0103 \u00een comentariu, ai c\u0103rui autori sus\u0163in c\u0103, \u201e\u00een conformitate cu pozi\u021bia principial\u0103 a p\u0103r\u021bii transnistrene, acest mecanism trebuie implementat pe teritoriul Transnistriei cu \u00eenregistrarea autoturismelor dup\u0103 principiul \u201eghi\u015feului unic\u201d. Procedura trebuie s\u0103 fie accesibil\u0103 pentru to\u021bi reziden\u021bii RMN f\u0103r\u0103 discriminare dup\u0103 principiul cet\u0103\u0163eniei \u0219i locului na\u0219terii, precum \u0219i f\u0103r\u0103 costuri suplimentare \u0219i bariere administrativ-juridice\u201d.<\/p>\n<p>\u00cen opinia MAE de la Tiraspol, \u201einterpret\u0103rile subiective r\u0103sp\u00e2ndite pe larg \u00een mass-media moldoveneasc\u0103 au dep\u0103\u0219it cu mult principiile general acceptate ale dialogului \u0219i au un impact negativ asupra dinamicii activit\u0103\u0163ii \u0219i perspectivei unei realiz\u0103ri c\u00e2t mai rapide a acordului final\u201d.<\/p>\n<p>\u00cen acela\u0219i timp, ministerul mizeaz\u0103 \u00een continuare pe \u201eo abordare echilibrat\u0103 \u0219i o contribu\u021bie practic\u0103 real\u0103 a reprezentan\u021bilor autoriza\u021bi ai Republicii Moldova \u00een realizarea progresului \u00een problema transportului auto\u201d.<\/p>\n<p>Sursa:<\/p>\n<p><a href=\"http:\/\/www.infotag.md\/rebelion-ro\/259736\/\">http:\/\/www.infotag.md\/rebelion-ro\/259736\/<\/a><\/p>\n","protected":false},"excerpt":{"rendered":"<p>Partea transnistrean\u0103 nu discut\u0103 posibilitatea ca institu\u0163iile abilitate ale Republicii Moldova s\u0103 elibereze pl\u0103cu\u0163e de \u00eenmatriculare \u015fi alte acte pentru de\u0163in\u0103torii de transport auto din Transnistria. Despre aceasta se men\u0163ioneaz\u0103 \u00een comentariul MAE al autoproclamatei RMN, publicat vineri, cu privire la \u201einforma\u0163iile ap\u0103rute \u00een presa din Moldova referitor la \u00een\u0163elegerea privind mecanismul de participare a&#8230;<\/p>\n","protected":false},"author":2,"featured_media":0,"comment_status":"closed","ping_status":"open","sticky":false,"template":"","format":"standard","meta":[],"categories":[1],"tags":[],"_links":{"self":[{"href":"https:\/\/centers.ulbsibiu.ro\/ccsprise\/lact\/wp-json\/wp\/v2\/posts\/4283"}],"collection":[{"href":"https:\/\/centers.ulbsibiu.ro\/ccsprise\/lact\/wp-json\/wp\/v2\/posts"}],"about":[{"href":"https:\/\/centers.ulbsibiu.ro\/ccsprise\/lact\/wp-json\/wp\/v2\/types\/post"}],"author":[{"embeddable":true,"href":"https:\/\/centers.ulbsibiu.ro\/ccsprise\/lact\/wp-json\/wp\/v2\/users\/2"}],"replies":[{"embeddable":true,"href":"https:\/\/centers.ulbsibiu.ro\/ccsprise\/lact\/wp-json\/wp\/v2\/comments?post=4283"}],"version-history":[{"count":2,"href":"https:\/\/centers.ulbsibiu.ro\/ccsprise\/lact\/wp-json\/wp\/v2\/posts\/4283\/revisions"}],"predecessor-version":[{"id":4285,"href":"https:\/\/centers.ulbsibiu.ro\/ccsprise\/lact\/wp-json\/wp\/v2\/posts\/4283\/revisions\/4285"}],"wp:attachment":[{"href":"https:\/\/centers.ulbsibiu.ro\/ccsprise\/lact\/wp-json\/wp\/v2\/media?parent=4283"}],"wp:term":[{"taxonomy":"category","embeddable":true,"href":"https:\/\/centers.ulbsibiu.ro\/ccsprise\/lact\/wp-json\/wp\/v2\/categories?post=4283"},{"taxonomy":"post_tag","embeddable":true,"href":"https:\/\/centers.ulbsibiu.ro\/ccsprise\/lact\/wp-json\/wp\/v2\/tags?post=4283"}],"curies":[{"name":"wp","href":"https:\/\/api.w.org\/{rel}","templated":true}]}}