{"id":4277,"date":"2018-02-16T12:24:03","date_gmt":"2018-02-16T10:24:03","guid":{"rendered":"https:\/\/centers.ulbsibiu.ro\/ccsprise\/lact\/?p=4277"},"modified":"2018-02-16T12:25:44","modified_gmt":"2018-02-16T10:25:44","slug":"unimedia-md-investigatie-rise-afacerile-porosenko-sheriff-cum-sustine-ucraina-regimul-transnistrean","status":"publish","type":"post","link":"https:\/\/centers.ulbsibiu.ro\/ccsprise\/lact\/unimedia-md-investigatie-rise-afacerile-porosenko-sheriff-cum-sustine-ucraina-regimul-transnistrean\/","title":{"rendered":"Unimedia.md &#8211; Investiga\u021bie RISE. Afacerile Poro\u0219enko &#8211; Sheriff: Cum sus\u021bine Ucraina regimul transnistrean"},"content":{"rendered":"<div id=\"article-box\" class=\"row\">\n<div class=\"col-xs-12 article-body-container\">\n<p>Potrivit publica\u021biei, \u00een 2017, c\u00e2nd au fost inaugurat primul post vamal comun \u00eentre Republica Moldova \u0219i Ucraina, Federa\u021bia Rus\u0103 a calificat instalarea acestuia drept \u201eo blocad\u0103 impus\u0103 Transnistriei\u201d. Totodat\u0103, deputa\u021bii parlamentului rus acuz\u0103 autorit\u0103\u021bile Republicii Moldova \u0219i ale Ucrainei c\u0103 \u201e\u00eencearc\u0103 s\u0103 provoace un nou conflict armat pe Nistru\u201d.<\/p>\n<p>De\u0219i Petro Poro\u0219enko condamna regimurile separatiste, indirect ar\u00a0sus\u021bine regimul transnistrean. Pe fundalul acestei retorici politice, concernul Roshen al pre\u0219edintelui ucrainean, Petro Poro\u0219enko, livreaz\u0103 \u00een regiunea transnistrean\u0103 produse de cofet\u0103rie \u0219i patiserie.<\/p>\n<p>Potrivit datelor din registrul vamal al Ucrainei, valoarea total\u0103 a m\u0103rfurilor tranzac\u021bionate \u00een iulie 2017, luna \u00een care a fost inaugurat primul post comun moldo-ucrainean, este de 1,5 milioane de hrivne (peste 55 mii de dolari), scrie <a href=\"https:\/\/www.rise.md\/articol\/relatiile-de-afaceri-porosenko-sheriff\/?lang=ru\" target=\"_blank\" rel=\"noopener\">rise.md.<\/a><\/p>\n<p>Reporterii RISE Moldova au aflat c\u0103, \u00eencep\u00e2nd cu anul 2014 \u0219i p\u00e2n\u0103 la jum\u0103tatea lui 2017, compania Roshen a v\u00e2ndut Sheriff-ului marf\u0103 \u00een valoare total\u0103 de circa 3 milioane de dolari.<\/p>\n<p>De la \u00eenceputul anului 2014, timp de trei ani \u0219i jum\u0103tate, numai din comer\u021bul cu Sheriff SRL, aproximativ 300 de companii ucrainene au avut un rulaj total de peste 100 milioane de dolari.<\/p>\n<p>\u00centreaga investiga\u021bie o citi\u021bi pe\u00a0<a href=\"https:\/\/www.rise.md\/articol\/relatiile-de-afaceri-porosenko-sheriff\/?lang=ru\" target=\"_blank\" rel=\"noopener\">rise.md.<\/a><\/p>\n<p>Sursa:<\/p>\n<p><a href=\"http:\/\/unimedia.info\/stiri\/investigatie-rise--afacerile-porosenko---sheriff-cum-sustine-ucraina-regiunea-transnistreana-148211.html\">http:\/\/unimedia.info\/stiri\/investigatie-rise&#8211;afacerile-porosenko&#8212;sheriff-cum-sustine-ucraina-regiunea-transnistreana-148211.html<\/a><\/p>\n<div class=\"center-block clearfix\"><\/div>\n<\/div>\n<\/div>\n","protected":false},"excerpt":{"rendered":"<p>Potrivit publica\u021biei, \u00een 2017, c\u00e2nd au fost inaugurat primul post vamal comun \u00eentre Republica Moldova \u0219i Ucraina, Federa\u021bia Rus\u0103 a calificat instalarea acestuia drept \u201eo blocad\u0103 impus\u0103 Transnistriei\u201d. Totodat\u0103, deputa\u021bii parlamentului rus acuz\u0103 autorit\u0103\u021bile Republicii Moldova \u0219i ale Ucrainei c\u0103 \u201e\u00eencearc\u0103 s\u0103 provoace un nou conflict armat pe Nistru\u201d. De\u0219i Petro Poro\u0219enko condamna regimurile separatiste,&#8230;<\/p>\n","protected":false},"author":2,"featured_media":0,"comment_status":"closed","ping_status":"open","sticky":false,"template":"","format":"standard","meta":[],"categories":[1],"tags":[],"_links":{"self":[{"href":"https:\/\/centers.ulbsibiu.ro\/ccsprise\/lact\/wp-json\/wp\/v2\/posts\/4277"}],"collection":[{"href":"https:\/\/centers.ulbsibiu.ro\/ccsprise\/lact\/wp-json\/wp\/v2\/posts"}],"about":[{"href":"https:\/\/centers.ulbsibiu.ro\/ccsprise\/lact\/wp-json\/wp\/v2\/types\/post"}],"author":[{"embeddable":true,"href":"https:\/\/centers.ulbsibiu.ro\/ccsprise\/lact\/wp-json\/wp\/v2\/users\/2"}],"replies":[{"embeddable":true,"href":"https:\/\/centers.ulbsibiu.ro\/ccsprise\/lact\/wp-json\/wp\/v2\/comments?post=4277"}],"version-history":[{"count":3,"href":"https:\/\/centers.ulbsibiu.ro\/ccsprise\/lact\/wp-json\/wp\/v2\/posts\/4277\/revisions"}],"predecessor-version":[{"id":4280,"href":"https:\/\/centers.ulbsibiu.ro\/ccsprise\/lact\/wp-json\/wp\/v2\/posts\/4277\/revisions\/4280"}],"wp:attachment":[{"href":"https:\/\/centers.ulbsibiu.ro\/ccsprise\/lact\/wp-json\/wp\/v2\/media?parent=4277"}],"wp:term":[{"taxonomy":"category","embeddable":true,"href":"https:\/\/centers.ulbsibiu.ro\/ccsprise\/lact\/wp-json\/wp\/v2\/categories?post=4277"},{"taxonomy":"post_tag","embeddable":true,"href":"https:\/\/centers.ulbsibiu.ro\/ccsprise\/lact\/wp-json\/wp\/v2\/tags?post=4277"}],"curies":[{"name":"wp","href":"https:\/\/api.w.org\/{rel}","templated":true}]}}