{"id":4274,"date":"2018-02-15T18:17:33","date_gmt":"2018-02-15T16:17:33","guid":{"rendered":"https:\/\/centers.ulbsibiu.ro\/ccsprise\/lact\/?p=4274"},"modified":"2018-02-15T18:18:34","modified_gmt":"2018-02-15T16:18:34","slug":"infotag-md-ministrul-de-externe-al-transnistriei-l-a-invitat-pe-reprezentantul-special-al-osce-in-vizita-la-tiraspol","status":"publish","type":"post","link":"https:\/\/centers.ulbsibiu.ro\/ccsprise\/lact\/infotag-md-ministrul-de-externe-al-transnistriei-l-a-invitat-pe-reprezentantul-special-al-osce-in-vizita-la-tiraspol\/","title":{"rendered":"Infotag.md &#8211; MINISTRUL DE EXTERNE AL TRANSNISTRIEI L-A INVITAT PE REPREZENTANTUL SPECIAL AL OSCE \u00ceN VIZIT\u0102 LA TIRASPOL"},"content":{"rendered":"<p>Ministrul Afacerilor Externe al Transnistriei, Vitalii Ignatiev, l-a invitat pe reprezentantul special al OSCE, Franco Frattini, \u00een vizit\u0103 la Tiraspol, exprim\u00e2ndu-\u0219i speran\u021ba c\u0103 \u201ecolaborarea cu pre\u0219edin\u021bia \u00een exerci\u021biu \u00een OSCE \u00een anul 2018 va avea un caracter sistem \u0219i rezultativ\u201d.<\/p>\n<p>Potrivit agen\u021biei INFOTAG cu referire la site-ul MAE de la Tiraspol, invita\u021bia a fost lansat\u0103 miercuri, \u00een cadrul unei convorbiri telefonice la care a fost discutat\u0103 \u201esitua\u021bia actual\u0103 a dialogului dintre Transnistria \u0219i Moldova, \u00een special progresul lucr\u0103rilor pe teme de actualitate de pe agenda negocierilor \u00een contextul implement\u0103rii Protocolului de la Viena\u201d.<\/p>\n<p>Reprezentantul Tiraspolului a acordat o aten\u021bie aparte \u201eactivit\u0103\u021bii exper\u021bilor de profil ai p\u0103r\u021bilor, cu accent pe procesul de elaborare a unui mecanism de participare a vehiculelor transnistrene la traficul rutier interna\u021bional\u201d.<\/p>\n<p>Schimbul de opinii a vizat, de asemenea, perspectivele de dezvoltare a dialogului dintre p\u0103r\u021bi cu privire la aspectele care necesit\u0103 progrese substan\u021biale \u00een cursul anului curent. \u00cen acest context, Ignatiev a subliniat \u201eimportan\u021ba principial\u0103 a realiz\u0103rii practice a acordurilor \u00eencheiate anterior, precum \u0219i a activit\u0103\u021bii ritmice la toate nivelurile procesului de negocieri\u201d.<\/p>\n<p>Franco Frattini a comunicat despre apropiata vizit\u0103 \u00een Transnistria a ministrului plenipoten\u021biar din cadrul Direc\u021biei Generale Afaceri Politice \u0219i Securitate a Ministerului Afacerilor Externe \u0219i Cooper\u0103rii Interna\u021bionale al Italiei, Alfredo Conte.<\/p>\n<p>Interlocutorii au convenit \u201es\u0103 men\u021bin\u0103 contacte directe pentru a efectua un schimb de opinii complex pe teme de actualitate legate de procesul de negocieri\u201d.<\/p>\n<p>Dup\u0103 cum a informat anterior INFOTAG, la sf\u00e2r\u0219itul s\u0103pt\u0103m\u00e2nii trecute, Frattini a avut o convorbire telefonic\u0103 \u0219i cu vicepremierul pentru Reintegrare al RM, Cristina Lesnic. El a promis c\u0103 va veni la Chi\u0219in\u0103u \u00een prima decad\u0103 a lunii martie pentru a se consulta cu privire la ac\u021biunile ce urmeaz\u0103 a fi \u00eentreprinse \u00een reglementarea transnistrean\u0103 \u00een anul 2018.<\/p>\n<p>Sursa:<\/p>\n<p><a href=\"http:\/\/www.infotag.md\/rebelion-ro\/259628\/\">http:\/\/www.infotag.md\/rebelion-ro\/259628\/<\/a><\/p>\n","protected":false},"excerpt":{"rendered":"<p>Ministrul Afacerilor Externe al Transnistriei, Vitalii Ignatiev, l-a invitat pe reprezentantul special al OSCE, Franco Frattini, \u00een vizit\u0103 la Tiraspol, exprim\u00e2ndu-\u0219i speran\u021ba c\u0103 \u201ecolaborarea cu pre\u0219edin\u021bia \u00een exerci\u021biu \u00een OSCE \u00een anul 2018 va avea un caracter sistem \u0219i rezultativ\u201d. Potrivit agen\u021biei INFOTAG cu referire la site-ul MAE de la Tiraspol, invita\u021bia a fost lansat\u0103&#8230;<\/p>\n","protected":false},"author":2,"featured_media":0,"comment_status":"closed","ping_status":"open","sticky":false,"template":"","format":"standard","meta":[],"categories":[1],"tags":[],"_links":{"self":[{"href":"https:\/\/centers.ulbsibiu.ro\/ccsprise\/lact\/wp-json\/wp\/v2\/posts\/4274"}],"collection":[{"href":"https:\/\/centers.ulbsibiu.ro\/ccsprise\/lact\/wp-json\/wp\/v2\/posts"}],"about":[{"href":"https:\/\/centers.ulbsibiu.ro\/ccsprise\/lact\/wp-json\/wp\/v2\/types\/post"}],"author":[{"embeddable":true,"href":"https:\/\/centers.ulbsibiu.ro\/ccsprise\/lact\/wp-json\/wp\/v2\/users\/2"}],"replies":[{"embeddable":true,"href":"https:\/\/centers.ulbsibiu.ro\/ccsprise\/lact\/wp-json\/wp\/v2\/comments?post=4274"}],"version-history":[{"count":2,"href":"https:\/\/centers.ulbsibiu.ro\/ccsprise\/lact\/wp-json\/wp\/v2\/posts\/4274\/revisions"}],"predecessor-version":[{"id":4276,"href":"https:\/\/centers.ulbsibiu.ro\/ccsprise\/lact\/wp-json\/wp\/v2\/posts\/4274\/revisions\/4276"}],"wp:attachment":[{"href":"https:\/\/centers.ulbsibiu.ro\/ccsprise\/lact\/wp-json\/wp\/v2\/media?parent=4274"}],"wp:term":[{"taxonomy":"category","embeddable":true,"href":"https:\/\/centers.ulbsibiu.ro\/ccsprise\/lact\/wp-json\/wp\/v2\/categories?post=4274"},{"taxonomy":"post_tag","embeddable":true,"href":"https:\/\/centers.ulbsibiu.ro\/ccsprise\/lact\/wp-json\/wp\/v2\/tags?post=4274"}],"curies":[{"name":"wp","href":"https:\/\/api.w.org\/{rel}","templated":true}]}}