{"id":4272,"date":"2018-02-15T17:09:36","date_gmt":"2018-02-15T15:09:36","guid":{"rendered":"https:\/\/centers.ulbsibiu.ro\/ccsprise\/lact\/?p=4272"},"modified":"2018-02-15T17:09:36","modified_gmt":"2018-02-15T15:09:36","slug":"10tv-md-grybauskaite-teritoriile-ocupate-din-republica-moldova-reprezinta-o-crima-la-care-nu-trebuie-sa-inchidem-ochii","status":"publish","type":"post","link":"https:\/\/centers.ulbsibiu.ro\/ccsprise\/lact\/10tv-md-grybauskaite-teritoriile-ocupate-din-republica-moldova-reprezinta-o-crima-la-care-nu-trebuie-sa-inchidem-ochii\/","title":{"rendered":"10tv.md &#8211; Grybauskaite: Teritoriile ocupate din Republica Moldova reprezint\u0103 o crim\u0103 la care nu trebuie s\u0103 \u00eenchidem ochii"},"content":{"rendered":"<p>Teritoriile ocupate din Ucraina, Georgia \u0219i Republica Moldova sunt crime la care nu trebuie de \u00eenchis ochii. Declara\u021biile\u00a0<a href=\"https:\/\/www.lrp.lt\/ru\/dejatelnost-prezidenta\/vystuplenija\/vystuplenie-prezidenta-litovskoi-respubliki-dali-gribauskaite-na-generalnoi-assamblee-organizacii-obedinennych-nacii-semidesjatiletie-organizacii-obedinennych-nacii-dalneisie-perspektivy-mira-bezopasnosti-i-prav-tcheloveka\/23810\" target=\"_blank\" rel=\"noopener\">au fost f\u0103cute<\/a>\u00a0mar\u021bi de pre\u015fedintele Lituaniei, Dalia Grybauskait\u0117, \u00een fa\u0163a Adun\u0103rii Generale a ONU, transmite Agora.<\/p>\n<p>\u201eNoi nu putem s\u0103 respect\u0103m Carta Organiza\u021biei Na\u021biunilor Unite \u0219i \u00een acela\u0219i timp s\u0103 ignor\u0103m \u00eenc\u0103lcarea acesteia\u201d, a declarat Dalia Grybauskait\u0117.<\/p>\n<p>\u201eIncapacitatea noastr\u0103 colectiv\u0103 de a proteja principiile fundamentale ale independen\u021bei, suveranit\u0103\u021bii, unit\u0103\u021bii \u0219i integrit\u0103\u021bii teritoriale a Ucrainei poate avea profunde consecin\u021be negative pentru ordinea interna\u021bional\u0103. Teritoriile ocupate din Ucraina, Georgia \u0219i Republica Moldova sunt linii ro\u0219ii pe care le-am tras, pentru solu\u021bionarea c\u0103rora \u00eens\u0103 ulterior nu a fost \u00eentreprins\u0103 nicio ac\u021biune\u201d, a mai spus pre\u015fedintele Lituaniei.<\/p>\n<p>\u201eTrebuie s\u0103 ne reamintim c\u0103 dac\u0103 \u00eenchidem ochii la crime, ele nu dispar, ci se r\u0103sp\u00e2ndesc, cresc \u0219i, \u00een final c\u00e2\u0219tig\u0103\u201d, a conchis Grybauskait\u0117.<\/p>\n<p>Sursa:<\/p>\n<p><a href=\"http:\/\/10tv.md\/2018\/02\/15\/grybauskaite-teritoriile-ocupate-din-republica-moldova-reprezinta-o-crima-la-care-nu-trebuie-sa-inchidem-ochii\/\">http:\/\/10tv.md\/2018\/02\/15\/grybauskaite-teritoriile-ocupate-din-republica-moldova-reprezinta-o-crima-la-care-nu-trebuie-sa-inchidem-ochii\/<\/a><\/p>\n","protected":false},"excerpt":{"rendered":"<p>Teritoriile ocupate din Ucraina, Georgia \u0219i Republica Moldova sunt crime la care nu trebuie de \u00eenchis ochii. Declara\u021biile\u00a0au fost f\u0103cute\u00a0mar\u021bi de pre\u015fedintele Lituaniei, Dalia Grybauskait\u0117, \u00een fa\u0163a Adun\u0103rii Generale a ONU, transmite Agora. \u201eNoi nu putem s\u0103 respect\u0103m Carta Organiza\u021biei Na\u021biunilor Unite \u0219i \u00een acela\u0219i timp s\u0103 ignor\u0103m \u00eenc\u0103lcarea acesteia\u201d, a declarat Dalia Grybauskait\u0117. \u201eIncapacitatea&#8230;<\/p>\n","protected":false},"author":2,"featured_media":0,"comment_status":"closed","ping_status":"open","sticky":false,"template":"","format":"standard","meta":[],"categories":[1],"tags":[],"_links":{"self":[{"href":"https:\/\/centers.ulbsibiu.ro\/ccsprise\/lact\/wp-json\/wp\/v2\/posts\/4272"}],"collection":[{"href":"https:\/\/centers.ulbsibiu.ro\/ccsprise\/lact\/wp-json\/wp\/v2\/posts"}],"about":[{"href":"https:\/\/centers.ulbsibiu.ro\/ccsprise\/lact\/wp-json\/wp\/v2\/types\/post"}],"author":[{"embeddable":true,"href":"https:\/\/centers.ulbsibiu.ro\/ccsprise\/lact\/wp-json\/wp\/v2\/users\/2"}],"replies":[{"embeddable":true,"href":"https:\/\/centers.ulbsibiu.ro\/ccsprise\/lact\/wp-json\/wp\/v2\/comments?post=4272"}],"version-history":[{"count":1,"href":"https:\/\/centers.ulbsibiu.ro\/ccsprise\/lact\/wp-json\/wp\/v2\/posts\/4272\/revisions"}],"predecessor-version":[{"id":4273,"href":"https:\/\/centers.ulbsibiu.ro\/ccsprise\/lact\/wp-json\/wp\/v2\/posts\/4272\/revisions\/4273"}],"wp:attachment":[{"href":"https:\/\/centers.ulbsibiu.ro\/ccsprise\/lact\/wp-json\/wp\/v2\/media?parent=4272"}],"wp:term":[{"taxonomy":"category","embeddable":true,"href":"https:\/\/centers.ulbsibiu.ro\/ccsprise\/lact\/wp-json\/wp\/v2\/categories?post=4272"},{"taxonomy":"post_tag","embeddable":true,"href":"https:\/\/centers.ulbsibiu.ro\/ccsprise\/lact\/wp-json\/wp\/v2\/tags?post=4272"}],"curies":[{"name":"wp","href":"https:\/\/api.w.org\/{rel}","templated":true}]}}