{"id":4270,"date":"2018-02-15T16:34:04","date_gmt":"2018-02-15T14:34:04","guid":{"rendered":"https:\/\/centers.ulbsibiu.ro\/ccsprise\/lact\/?p=4270"},"modified":"2018-02-15T16:34:04","modified_gmt":"2018-02-15T14:34:04","slug":"gov-md-la-chisinau-a-avut-loc-prima-din-acest-an-intrevedere-a-reprezentantilor-politici-in-procesul-de-negocieri-pentru-reglementarea-transnistreana","status":"publish","type":"post","link":"https:\/\/centers.ulbsibiu.ro\/ccsprise\/lact\/gov-md-la-chisinau-a-avut-loc-prima-din-acest-an-intrevedere-a-reprezentantilor-politici-in-procesul-de-negocieri-pentru-reglementarea-transnistreana\/","title":{"rendered":"Gov.md &#8211; La Chi\u0219in\u0103u a avut loc prima din acest an \u00eentrevedere a reprezentan\u0163ilor politici \u00een procesul de negocieri pentru reglementarea transnistrean\u0103"},"content":{"rendered":"<p>Pe 15 februarie curent, la sediul Misiunii OSCE din or.Chi\u0219in\u0103u, a avut loc prima \u015fedin\u0163\u0103 de lucru a reprezentan\u0163ilor politici \u00een procesul de negocieri pentru reglementarea transnistrean\u0103 din partea Chi\u015fin\u0103ului \u015fi Tiraspolului, cu participarea dnei Cristina Lesnic \u00een calitate de nou reprezentant politic \u015fi a dlui Vitalii Ignatiev, la care au asistat reprezentan\u0163ii participan\u021bilor din cadrul formatului de negocieri \u201e5+2\u201d.<\/p>\n<p>\u00cen cadrul \u00eentrevederii au fost trecute \u00een revist\u0103 realiz\u0103rile \u00eenregistrate \u00een implementarea celor 5 decizii protocolare semnate \u00een procesul de negocieri \u00een anul 2017, fiind consemnate progresele ob\u021binute pe marginea a 3 documente (func\u021bionalitatea podului din preajma localit\u0103\u021bilor Gura B\u00e2cului \u0219i B\u00e2cioc, buna desf\u0103\u0219urare a procesului educa\u021bional \u00een \u0219colile cu predare \u00een grafia latin\u0103 din regiunea transnistrean\u0103, aplicarea apostilei pe actele de studii ale Universit\u0103\u021bii \u201cTaras \u0218evcenko\u201d din Tiraspol) \u0219i punctate m\u0103surile \u00een desf\u0103\u0219urare \u00eentru a asigura aducerea la \u00eendeplinire \u0219i a \u00een\u021belegerilor convenite pe terenurile agricole din r-nul Dub\u0103sari \u0219i pe organizarea interac\u021biunii \u00een domeniul telecomunica\u021biilor.<\/p>\n<p>Pe tema p\u0103m\u00e2nturilor amplasate dup\u0103 traseul R\u00e2bni\u021ba-Tiraspol, reprezentantul politic de la Chi\u0219in\u0103u C.Lesnic a intervenit cu rug\u0103mintea de a urgenta procesul pentru a fi deblocat accesul fermierilor la terenuri \u0219i a fi ini\u021biate primele lucr\u0103ri agricole de prim\u0103var\u0103, reamintind c\u0103 pachetele de documente necesare sunt preg\u0103tite pentru a fi depuse, \u00een acest sens impun\u00e2ndu-se concretizarea de c\u0103tre partea transnistrean\u0103 a locului, perioadei \u0219i responsabililor de colectarea \u0219i examinarea acestora.<\/p>\n<p>La \u00eentrevedere au fost abordate \u0219i unele aspecte ce se con\u021bin \u00een Protocolul reuniunii oficiale a formatului de negocieri \u201e5+2\u201d de la Viena (27-28.11.2017), \u00een special subiectul ce \u021bine de definitivarea unui mecanism viabil de stabilire a regulilor de acces \u00een traficul rutier interna\u021bional a mijloacelor de transport cu pl\u0103ci din regiunea transnistrean\u0103, fiind reiterat\u0103 necesitatea determin\u0103rii unei solu\u021bii pragmatice p\u00e2n\u0103 la finele lunii curente \u0219i convenit\u0103 organizarea pe 21 februarie curent a unei \u0219edin\u021be comune a grupurilor de lucru pentru dezvoltarea transportului auto \u0219i a infrastructurii drumurilor, cu participarea reprezentan\u021bilor politici.<\/p>\n<p>Cu referire la celelalte grupuri de lucru s-a agreat c\u0103 vor fi depuse eforturi sporite \u00een vederea eficientiz\u0103rii activit\u0103\u021bii acestora, orient\u0103rii spre calitate \u0219i spre rezultate concrete \u00een m\u0103sur\u0103 s\u0103 rezolve problemele stringente ale locuitorilor de pe ambele maluri ale Nistrului.<\/p>\n<p>\u00cen context, partea moldoveneasc\u0103 a specificat \u0219i necesitatea relu\u0103rii activit\u0103\u021bii subgrupurilor de lucru pe probleme bancare \u0219i pentru drepturile omului, care de mai bine de 4 ani nu au fost func\u021bionale, fiind exprimat\u0103 deplina deschidere a ambelor p\u0103r\u021bi \u00eentru a continua interac\u021biunea \u00een aceste platforme tehnice de dialog, \u00een mod prioritar, pe filiera drepturilor omului care cuprinde un spectru larg de probleme actuale.<\/p>\n<p>De asemenea, urmare a definitiv\u0103rii \u00een cadrul \u0219edin\u021bei grupurilor de lucru pentru economie din 31.01.2018 a conceptului final al proiectului Deciziei protocolare privind interac\u021biunea \u00een domeniul veterinar, carantin\u0103 \u0219i protec\u021bia plantelor, reprezentan\u021bii politici au semnat documentul sectorial de referin\u021b\u0103, fapt ce va permite racordarea la exigen\u021bele europene\/ universale \u00een aceste sfere, cooperarea eficient\u0103 \u00een prevenirea \u0219i combaterea infec\u021biilor\/ bolilor de origine animal\u0103 \u0219i vegetal\u0103, utilizarea unor preparate unice de uz veterinar \u0219i fitosanitar, excluderea din alimenta\u021bie a organismelor modificate genetic, precum \u0219i posibilitatea efectu\u0103rii unor schimburi de bune practici \u00een implementarea standardelor interna\u021bionale \u0219i \u00een aplicarea tehnologiilor avansate.<\/p>\n<p>La finalul \u00eentrevederii, reprezentan\u0163ii politici au sus\u0163inut un briefing de pres\u0103, cu informarea reprezentan\u021bilor mass-media despre lansarea \u00een perioada 15 februarie-31 martie curent a campaniei \u201eO carte pentru educa\u021bia ta\u201d \u0219i cu genericul \u201eDoneaz\u0103 o carte, investe\u0219te \u00een viitor\u201d.<\/p>\n<p>Sursa:<\/p>\n<p><a href=\"http:\/\/gov.md\/ro\/content\/la-chisinau-avut-loc-prima-din-acest-intrevedere-reprezentantilor-politici-procesul-de\">http:\/\/gov.md\/ro\/content\/la-chisinau-avut-loc-prima-din-acest-intrevedere-reprezentantilor-politici-procesul-de<\/a><\/p>\n","protected":false},"excerpt":{"rendered":"<p>Pe 15 februarie curent, la sediul Misiunii OSCE din or.Chi\u0219in\u0103u, a avut loc prima \u015fedin\u0163\u0103 de lucru a reprezentan\u0163ilor politici \u00een procesul de negocieri pentru reglementarea transnistrean\u0103 din partea Chi\u015fin\u0103ului \u015fi Tiraspolului, cu participarea dnei Cristina Lesnic \u00een calitate de nou reprezentant politic \u015fi a dlui Vitalii Ignatiev, la care au asistat reprezentan\u0163ii participan\u021bilor din&#8230;<\/p>\n","protected":false},"author":2,"featured_media":0,"comment_status":"closed","ping_status":"open","sticky":false,"template":"","format":"standard","meta":[],"categories":[1],"tags":[],"_links":{"self":[{"href":"https:\/\/centers.ulbsibiu.ro\/ccsprise\/lact\/wp-json\/wp\/v2\/posts\/4270"}],"collection":[{"href":"https:\/\/centers.ulbsibiu.ro\/ccsprise\/lact\/wp-json\/wp\/v2\/posts"}],"about":[{"href":"https:\/\/centers.ulbsibiu.ro\/ccsprise\/lact\/wp-json\/wp\/v2\/types\/post"}],"author":[{"embeddable":true,"href":"https:\/\/centers.ulbsibiu.ro\/ccsprise\/lact\/wp-json\/wp\/v2\/users\/2"}],"replies":[{"embeddable":true,"href":"https:\/\/centers.ulbsibiu.ro\/ccsprise\/lact\/wp-json\/wp\/v2\/comments?post=4270"}],"version-history":[{"count":1,"href":"https:\/\/centers.ulbsibiu.ro\/ccsprise\/lact\/wp-json\/wp\/v2\/posts\/4270\/revisions"}],"predecessor-version":[{"id":4271,"href":"https:\/\/centers.ulbsibiu.ro\/ccsprise\/lact\/wp-json\/wp\/v2\/posts\/4270\/revisions\/4271"}],"wp:attachment":[{"href":"https:\/\/centers.ulbsibiu.ro\/ccsprise\/lact\/wp-json\/wp\/v2\/media?parent=4270"}],"wp:term":[{"taxonomy":"category","embeddable":true,"href":"https:\/\/centers.ulbsibiu.ro\/ccsprise\/lact\/wp-json\/wp\/v2\/categories?post=4270"},{"taxonomy":"post_tag","embeddable":true,"href":"https:\/\/centers.ulbsibiu.ro\/ccsprise\/lact\/wp-json\/wp\/v2\/tags?post=4270"}],"curies":[{"name":"wp","href":"https:\/\/api.w.org\/{rel}","templated":true}]}}