{"id":4268,"date":"2018-02-15T16:28:46","date_gmt":"2018-02-15T14:28:46","guid":{"rendered":"https:\/\/centers.ulbsibiu.ro\/ccsprise\/lact\/?p=4268"},"modified":"2018-02-15T16:28:46","modified_gmt":"2018-02-15T14:28:46","slug":"radiochisinau-md-igor-dodon-nu-are-niciun-merit-in-reglementarea-transnistreana-potrivit-liderului-separatist-de-la-tiraspol","status":"publish","type":"post","link":"https:\/\/centers.ulbsibiu.ro\/ccsprise\/lact\/radiochisinau-md-igor-dodon-nu-are-niciun-merit-in-reglementarea-transnistreana-potrivit-liderului-separatist-de-la-tiraspol\/","title":{"rendered":"Radiochisinau.md &#8211; Igor Dodon nu are niciun merit \u00een reglementarea transnistrean\u0103, potrivit liderului separatist de la Tiraspol"},"content":{"rendered":"<p class=\"story-body__introduction\">Liderul separatist de la Tiraspol, Vadim Krasnoselski, declar\u0103 c\u0103 pre\u0219edintele moldovean, Igor Dodon, nu are nicio leg\u0103tur\u0103 cu \u00een\u021belegerile la care Chi\u0219in\u0103ul \u0219i Tiraspolul au ajuns pe parcursul anului 2017. Subiectul a fost abordat \u00een cadrul unei \u00eent\u00e2lniri pe care Krasnoselski a avut-o cu veteranii r\u0103zboiului din Afganistan, cu ocazia \u00eemplinirii a 29 de ani de la retragerea trupelor sovietice din aceast\u0103 \u021bar\u0103, transmite INFOTAG.<\/p>\n<div class=\"articleContent\">\n<p>Potrivit liderului administra\u021biei transnistrene, rezultatele ob\u021binute se datoreaz\u0103 muncii unor speciali\u0219ti din institu\u021biile de profil \u0219i exper\u021bilor \u00een diferite domenii.<\/p>\n<p>Vadim Krasnoselski \u00ee\u0219i atribuie \u0219i merite personale, pentru c\u0103 anume el ar fi fost cel care \u201eimediat dup\u0103 alegerea \u00een func\u021bia de pre\u0219edinte, a venit cu ini\u021biativa de a solu\u021biona un \u0219ir de probleme urgente: cele referitoare la terenurile agricole, scoli, pl\u0103cu\u021bele de \u00eenmatriculare, diplome, problemele ce \u021bin de calea ferat\u0103, de cauzele penale, iar la \u00eentrevederea din 4 ianuarie 2017 cu Dodon aceste teme au fost stabilite\u201e.<\/p>\n<p>\u201e\u00cens\u0103 pre\u0219edintele moldovean, prin atitudinea sa pasiv\u0103, a pus responsabilitatea pentru rezolvarea problemelor la negocierile cu RMN pe seama Guvernului moldovean, care, prin reprezentantul s\u0103u, poart\u0103 un dialog formal cu Transnistria\u201d, a declarat liderul de la Tiraspol, \u00een opinia c\u0103ruia Igor Dodon \u201ea evitat \u00een mod deliberat responsabilitatea \u0219i continuarea dialogului\u201d.<\/p>\n<p>El l-a criticat pe Dodon pentru c\u0103 a sus\u021binut instituirea controlului comun la grani\u021ba moldo-ucrainean\u0103, afirm\u00e2nd c\u0103 \u201eo \u021bar\u0103 trebuie s\u0103 aib\u0103 o frontier\u0103 comun\u0103\u201d.<\/p>\n<p>\u201eNu avem un stat comun \u0219i nici frontiere comune. Asta e problema\u201d, a spus Krasnoselski.<\/p>\n<p>De asemenea, sunt pu\u021bin credibile \u0219i declara\u021biile lui Igor Dodon cu privire la statutul de neutralitate al Republicii Moldova, crede liderul transnistrean. \u201e\u00cen spatele frazelor frumoase despre statutul neutru se ascunde eliminarea \u00a0prezentei militare ruse de pe acest teritoriu\u201d, sus\u021bine Krasnoselski.<\/p>\n<p>\u201eAnumite forte prooccidentale tensioneaz\u0103 situa\u021bia dintre Republica Moldova \u0219i Federa\u021bia Rus\u0103. Domnul Dodon discrediteaz\u0103 Transnistria \u00een fa\u021ba Rusiei, acuz\u00e2nd-o de furt, de regim oligarhic \u0219i de alte p\u0103cate de moarte. \u0218i, \u00een general, se constat\u0103 c\u0103 ei \u00eendeplinesc aceea\u0219i sarcin\u0103: de a rupe leg\u0103turile cu Rusia at\u00e2t \u00een Moldova, c\u00e2t \u015fi \u00een Transnistria&#8221;, a ad\u0103ugat Vadim Krasnoselski.<\/p>\n<p>El a reconfirmat \u201edisponibilitatea Transnistriei de a deveni mediator \u00een stabilirea unor rela\u021bii normale \u00eentre Chi\u0219in\u0103u \u0219i Moscova&#8221;, afirm\u00e2nd c\u0103 \u201eTransnistria urm\u0103re\u0219te cu \u00eengrijorare deteriorarea rela\u021biilor dintre Republica Moldova \u0219i Rusia, deoarece aceast\u0103 situa\u021bie are un efect negativ asupra RMN&#8221;.<\/p>\n<p>Sursa:<\/p>\n<p><a href=\"http:\/\/radiochisinau.md\/igor-dodon-nu-are-niciun-merit-in-reglementarea-transnistreana-potrivit-liderului-separatist-de-la-tiraspol---63447.html\">http:\/\/radiochisinau.md\/igor-dodon-nu-are-niciun-merit-in-reglementarea-transnistreana-potrivit-liderului-separatist-de-la-tiraspol&#8212;63447.html<\/a><\/p>\n<\/div>\n","protected":false},"excerpt":{"rendered":"<p>Liderul separatist de la Tiraspol, Vadim Krasnoselski, declar\u0103 c\u0103 pre\u0219edintele moldovean, Igor Dodon, nu are nicio leg\u0103tur\u0103 cu \u00een\u021belegerile la care Chi\u0219in\u0103ul \u0219i Tiraspolul au ajuns pe parcursul anului 2017. Subiectul a fost abordat \u00een cadrul unei \u00eent\u00e2lniri pe care Krasnoselski a avut-o cu veteranii r\u0103zboiului din Afganistan, cu ocazia \u00eemplinirii a 29 de ani&#8230;<\/p>\n","protected":false},"author":2,"featured_media":0,"comment_status":"closed","ping_status":"open","sticky":false,"template":"","format":"standard","meta":[],"categories":[1],"tags":[],"_links":{"self":[{"href":"https:\/\/centers.ulbsibiu.ro\/ccsprise\/lact\/wp-json\/wp\/v2\/posts\/4268"}],"collection":[{"href":"https:\/\/centers.ulbsibiu.ro\/ccsprise\/lact\/wp-json\/wp\/v2\/posts"}],"about":[{"href":"https:\/\/centers.ulbsibiu.ro\/ccsprise\/lact\/wp-json\/wp\/v2\/types\/post"}],"author":[{"embeddable":true,"href":"https:\/\/centers.ulbsibiu.ro\/ccsprise\/lact\/wp-json\/wp\/v2\/users\/2"}],"replies":[{"embeddable":true,"href":"https:\/\/centers.ulbsibiu.ro\/ccsprise\/lact\/wp-json\/wp\/v2\/comments?post=4268"}],"version-history":[{"count":1,"href":"https:\/\/centers.ulbsibiu.ro\/ccsprise\/lact\/wp-json\/wp\/v2\/posts\/4268\/revisions"}],"predecessor-version":[{"id":4269,"href":"https:\/\/centers.ulbsibiu.ro\/ccsprise\/lact\/wp-json\/wp\/v2\/posts\/4268\/revisions\/4269"}],"wp:attachment":[{"href":"https:\/\/centers.ulbsibiu.ro\/ccsprise\/lact\/wp-json\/wp\/v2\/media?parent=4268"}],"wp:term":[{"taxonomy":"category","embeddable":true,"href":"https:\/\/centers.ulbsibiu.ro\/ccsprise\/lact\/wp-json\/wp\/v2\/categories?post=4268"},{"taxonomy":"post_tag","embeddable":true,"href":"https:\/\/centers.ulbsibiu.ro\/ccsprise\/lact\/wp-json\/wp\/v2\/tags?post=4268"}],"curies":[{"name":"wp","href":"https:\/\/api.w.org\/{rel}","templated":true}]}}