{"id":4264,"date":"2018-02-13T19:12:36","date_gmt":"2018-02-13T17:12:36","guid":{"rendered":"https:\/\/centers.ulbsibiu.ro\/ccsprise\/lact\/?p=4264"},"modified":"2020-06-12T18:49:34","modified_gmt":"2020-06-12T16:49:34","slug":"moldova-org-armata-rusa-din-osetia-de-sud-si-legatura-cu-gotr-din-transnistria","status":"publish","type":"post","link":"https:\/\/centers.ulbsibiu.ro\/ccsprise\/lact\/moldova-org-armata-rusa-din-osetia-de-sud-si-legatura-cu-gotr-din-transnistria\/","title":{"rendered":"Moldova.org &#8211; Armata rus\u0103 din Osetia de Sud \u0219i leg\u0103tura cu GOTR din Transnistria"},"content":{"rendered":"<p><em>Acest articol a fost scris de c\u0103tre domnul\u00a0Rosian Vasiloi, expert \u00een securitate na\u021bional\u0103 \u0219i management de frontier\u0103 la\u00a0IDIS \u201cViitorul\u201d. Opinia poate s\u0103 nu coincid\u0103 cu pozi\u021bia editorial\u0103 a redac\u021biei Moldova.org.<\/em><\/p>\n<p>***<\/p>\n<div>Pe 5 februarie 2018, Vladimir\u00a0<a href=\"http:\/\/kremlin.ru\/acts\/news\/56795\">Putin a semnat decretul pentru integrarea armatei autoproclamatei Osetia de Sud \u00een For\u021bele Armate Ruse<\/a>, dup\u0103 ce a fost ratificat de Duma de Stat a Federa\u021biei Ruse la 24 ianuarie curent \u0219i aprobat de Consiliul Federa\u021biei.<\/div>\n<div><\/div>\n<div>Acest acord a fost semnat de Prim-Ministrul Dmitri Medvedev cu pretin\u0219ii lideri separati\u0219ti la 30 martie 2017, la Moscova. Prin acest document Federa\u021bia Rus\u0103 creaz\u0103 un precedent, care poate avea reflec\u021bii asupra zonelor de conflict din spa\u021biul post-imperiu. \u00cen particular \u00een Republica Moldova \u015fi Ucraina, peste noapte toate for\u021bele paramilitare sau separatiste vor fi integrate \u00een For\u021bele Armate ale Federa\u021biei Ruse. IDIS \u201cVIITORUL\u201d a informat despre acesta posibilitate \u00eenc\u0103 \u00een anul trecut. \u00cen studiul \u201c<a href=\"http:\/\/acest%20acord%20a%20fost%20semnat%20de%20pm%20dumitru%20medvedev%20cu%20pretin%c5%9fii%20lideri%20separati%c5%9fti%20la%2030%20martie%202017%2c%20la%20moscova.%20prin%20acest%20document%20federa%c5%a3ia%20rus%c4%83%20creay%c4%83%20un%20precedent%20f%c4%83r%c4%83%20precedent%2c%20care%20poate%20avea%20reflec%c5%a3ii%20asupra%20zonelor%20de%20conflict%20din%20spa%c5%a3iul%20post-imperiu%20dar%20%c3%aen%20particular%20%c3%aen%20republica%20moldova%20%c5%a3i%20ucraina%2c%20peste%20noapte%20toate%20for%c5%a3ele%20paramilitare%20sau%20separatiste%20vor%20fi%20integrate%20%c3%aen%20for%c5%a3ele%20armate%20ale%20federa%c5%a3iei%20ruse.%20idis%20%22viitorul%22%20a%20informat%20despre%20acesta%20posibilitate%20%c3%aenc%c4%83%20%c3%aen%20anul%20trecut.%20%c3%8en%20studiul%20%22riscuri%20de%20securitate%20%c8%99i%20ap%c4%83rare%20%c3%aen%20contextul%20reglement%c4%83rii%20transnistrene%22\/\">Riscuri de securitate \u0219i ap\u0103rare \u00een contextul reglement\u0103rii transnistrene\u201d<\/a>\u00a0exper\u021bii au constatat urm\u0103toarele, care\u00a0sunt actuale \u015fi \u00een situa\u021bia zilei de azi:<\/div>\n<div>\u2013 Completarea cu personal este din 2 surse, ca \u0219i preg\u0103tirea personalului, inclusiv \u0219i \u00een cadrul GOTR;<\/div>\n<div>\u2013 O parte din efectivul combatant a trecut prin diferite conflicte regionale;<\/div>\n<div>\u2013 Zona de Securitate este \u00eemp\u00e2nzit\u0103 de \u201cstructuri militare sau paramilitare\u201d separatiste, ce contravine tuturor acordurilor \u00een vigoare.<\/div>\n<div>\u2013 Nu putem trece cu vederea \u0219i ac\u021biuni de sfidare a autorit\u0103\u021bilor constitu\u021bionale, prin activit\u0103\u021bi premeditate de \u00eencorporare \u00een GOTR, ulterior acest contingent fiind folosit ca o rezerv\u0103 de cadre pentru a\u0219a-zisele structuri de for\u021b\u0103 al regiunii transnistrene.<\/div>\n<div>\u2013 Federa\u021bia Rus\u0103 \u0219i regiunea separatist\u0103 \u0219i-au unit for\u021bele pe dimensiunea ap\u0103r\u0103rii, securit\u0103\u021bii \u0219i ordinii publice, chiar \u0219i dac\u0103 nu au declarat asta deschis;<\/div>\n<div>\u2013 Federa\u021bia Rus\u0103 \u201epompeaz\u0103\u201d surse financiare \u00een regiune, inclusiv \u0219i \u00een domeniul ap\u0103r\u0103rii, securit\u0103\u021bii \u0219i ordinii publice, pentru ca s\u0103 organizezi asemena aplica\u021bii este foarte costisitor, \u00een special \u00een condi\u021biile de azi extrem de dificile pentru regiune. \u00cen compara\u021bie, p\u00e2n\u0103 \u00een anul 2011, for\u021bele paramilitare separatiste organizau 2-3 aplica\u021bii cu trageri de lupt\u0103 pe an.<\/div>\n<div>\u2013 Pretinsele for\u021be armate ale regiunii au nivel \u00eenalt de preg\u0103tire \u0219i dotate cu armament din arsenalele militare ale Armatei a 14-a;<\/div>\n<div>\u2013 Toate aceste activit\u0103\u021bi ale GOTR vin \u00een contradic\u021bie cu principalul document \u00een domeniul reglement\u0103rii conflictului \u2013 Acordul cu privire la principiile de reglementare pa\u0219nic\u0103 a conflictului armat din regiunea transnistrean\u0103 a Republicii Moldova, semnat de Republica Moldova \u0219i Federa\u021bia Rus\u0103 la 21 iulie 1992, \u0219i \u00een particular prevederilor articolului 4, care prevede c\u0103 \u201cUnit\u0103\u021bile Armatei a 14-a a For\u021belor Armate ale Federa\u021biei Ruse, dislocate \u00een Republica Moldova, vor respecta cu stricte\u021be neutralitatea. Cele dou\u0103 p\u0103r\u021bi \u00een conflict \u00ee\u0219i asum\u0103 obliga\u021bia de a respecta neutralitatea \u0219i de a se ab\u021bine de la orice ac\u021biuni ilicite fa\u021b\u0103 de patrimoniul militar, fa\u021b\u0103 de militarii acestei armate \u0219i membrii familiilor lor. Problemele privind statutul armatei, procedura \u0219i termenele retragerii ei pe etape vor fi solu\u021bionate \u00een cadrul tratativelor dintre Federa\u021bia Rus\u0103 \u0219i Republica Moldova.\u201d<\/div>\n<div>\u2013 Sus\u021binerea politic\u0103, economic\u0103, militar\u0103, informa\u021bionala din partea Federa\u021biei Ruse care privea \u0219i prive\u0219te regiunea transnistrean\u0103 ca o zon\u0103 de interese strategice.<\/div>\n<div>\u2013 \u00cen regiunea transnistrean\u0103 avem trupe militare cu un nivel \u00eenalt de preg\u0103tire \u0219i dotate cu armament din fostele arsenale ale Armatei a 14-a;<\/div>\n<div>\u2013 Avem o sus\u021binere politic\u0103, economic\u0103, militar\u0103, informa\u021bionala din partea Federa\u021biei Ruse care privea \u0219i prive\u0219te regiunea transnistrean\u0103 ca o zon\u0103 de interese strategice.<\/div>\n<div>\u2013 Nu este clar\u0103 reac\u021bia mediatorilor \u0219i o explica\u021bie de ce mediatorii, tac \u0219i se fac c\u0103 nu se \u00eent\u00e2mpla nimic De fapt, r\u0103spunsul e clar \u2013 \u201cDe ce s\u0103 facem noi ceva, c\u00e2nd voi sunte\u021bi maleabili!\u201d<\/div>\n<div><\/div>\n<div>\u00cengrijor\u0103tor este c\u0103 autorit\u0103\u021bile noastre, \u00een special Ministerul Afacerilor Externe \u0219i Integr\u0103rii Europene, nu au venit cu nici o reac\u021bie. Oare asta este adev\u0103rata sus\u021binere pentru partenerul nostru, Georgia?<\/div>\n<div><\/div>\n<div>De ce \u00eentreb? Pentru c\u0103 Georgia\u00a0<a href=\"http:\/\/www.mfa.gov.ge\/News\/sagareo-saqmeta-saministros-ganckhadeba-ashsh-(1).aspx?CatID=5\">a avut o reac\u021bie la acest capitol\u00a0<\/a>\u00eenc\u0103 pe 24 ianuarie curent, \u00een care se men\u021bioneaz\u0103:<\/div>\n<div><em> \u201cPrintr-un astfel de demers provocator, Federa\u021bia Rus\u0103 \u00eencearc\u0103 s\u0103 \u00eempiedice rezolvarea pa\u0219nic\u0103 a conflictelor \u0219i progresul poten\u021bial \u00een cadrul discu\u021biilor interna\u021bionale de la Geneva. \u00cen plus, ac\u021biunile Rusiei submineaz\u0103 arhitectura securit\u0103\u021bii europene \u0219i sunt \u00eendreptate spre destabilizarea situa\u021biei \u00eentr-o regiune mai larg\u0103\u201d<\/em>.<\/div>\n<div>La r\u00e2ndul s\u0103u Ucraina, vine \u0219i ea cu o\u00a0<a href=\"http:\/\/mfa.gov.ua\/ua\/press-center\/comments\/8446-komentar-mzs-ukrajini-u-zvjazku-iz-ratifikacijeju-derzhdumoju-rf-ugodi-pro-poryadok-vkhodzhennya-okremih-pidrozdiliv-zbrojnih-sil-samoprogoloshenoji-respubliki-pivdenna-osetija-do-skladu-zbrojnih-sil-rf\">pozi\u021bie la acest capitol<\/a>, pe data de 29 ianuarie curent, \u00een care se men\u021bioneaz\u0103 c\u0103 \u201c<em>aceasta este urm\u0103torul pas provocator \u0219i o continuare a politicii Kremlinului de a destabiliza situa\u021bia din regiunea M\u0103rii Negre \u0219i de a submina arhitectura securit\u0103\u021bii europene.<\/em>\u201c<\/div>\n<div><\/div>\n<div>Am c\u0103utat pe pagina oficial\u0103 a MAEIE o pozi\u021bie la acest subiect \u0219i am g\u0103sit \u00een total 46 comunicate de pres\u0103 \u00een perioada 24 ianuarie curent \u2013 10 februarie curent, marea majoritate de comunicate, dar mai precis 36 sunt poze protocolare a conducerii MAEIE cu diferite ocazii. \u015ei nimic despre acest decretul lui Putin, nimic. Dac\u0103 cineva \u00een\u021belege c\u0103 comunicarea strategic\u0103 const\u0103 \u00een imagini protocolare, acel cineva gre\u0219e\u0219te.<\/div>\n<div><\/div>\n<div>Sursa:<\/div>\n<div><a href=\"http:\/\/www.moldova.org\/armata-rusa-din-osetia-de-sud-si-legatura-cu-gotr-din-transnistria\/\">http:\/\/www.moldova.org\/armata-rusa-din-osetia-de-sud-si-legatura-cu-gotr-din-transnistria\/<\/a><\/div>\n","protected":false},"excerpt":{"rendered":"<p>Acest articol a fost scris de c\u0103tre domnul\u00a0Rosian Vasiloi, expert \u00een securitate na\u021bional\u0103 \u0219i management de frontier\u0103 la\u00a0IDIS \u201cViitorul\u201d. Opinia poate s\u0103 nu coincid\u0103 cu pozi\u021bia editorial\u0103 a redac\u021biei Moldova.org. *** Pe 5 februarie 2018, Vladimir\u00a0Putin a semnat decretul pentru integrarea armatei autoproclamatei Osetia de Sud \u00een For\u021bele Armate Ruse, dup\u0103 ce a fost ratificat&#8230;<\/p>\n","protected":false},"author":2,"featured_media":0,"comment_status":"closed","ping_status":"open","sticky":false,"template":"","format":"standard","meta":[],"categories":[1],"tags":[],"_links":{"self":[{"href":"https:\/\/centers.ulbsibiu.ro\/ccsprise\/lact\/wp-json\/wp\/v2\/posts\/4264"}],"collection":[{"href":"https:\/\/centers.ulbsibiu.ro\/ccsprise\/lact\/wp-json\/wp\/v2\/posts"}],"about":[{"href":"https:\/\/centers.ulbsibiu.ro\/ccsprise\/lact\/wp-json\/wp\/v2\/types\/post"}],"author":[{"embeddable":true,"href":"https:\/\/centers.ulbsibiu.ro\/ccsprise\/lact\/wp-json\/wp\/v2\/users\/2"}],"replies":[{"embeddable":true,"href":"https:\/\/centers.ulbsibiu.ro\/ccsprise\/lact\/wp-json\/wp\/v2\/comments?post=4264"}],"version-history":[{"count":2,"href":"https:\/\/centers.ulbsibiu.ro\/ccsprise\/lact\/wp-json\/wp\/v2\/posts\/4264\/revisions"}],"predecessor-version":[{"id":4266,"href":"https:\/\/centers.ulbsibiu.ro\/ccsprise\/lact\/wp-json\/wp\/v2\/posts\/4264\/revisions\/4266"}],"wp:attachment":[{"href":"https:\/\/centers.ulbsibiu.ro\/ccsprise\/lact\/wp-json\/wp\/v2\/media?parent=4264"}],"wp:term":[{"taxonomy":"category","embeddable":true,"href":"https:\/\/centers.ulbsibiu.ro\/ccsprise\/lact\/wp-json\/wp\/v2\/categories?post=4264"},{"taxonomy":"post_tag","embeddable":true,"href":"https:\/\/centers.ulbsibiu.ro\/ccsprise\/lact\/wp-json\/wp\/v2\/tags?post=4264"}],"curies":[{"name":"wp","href":"https:\/\/api.w.org\/{rel}","templated":true}]}}