{"id":4262,"date":"2018-02-13T19:06:47","date_gmt":"2018-02-13T17:06:47","guid":{"rendered":"https:\/\/centers.ulbsibiu.ro\/ccsprise\/lact\/?p=4262"},"modified":"2018-02-13T19:06:47","modified_gmt":"2018-02-13T17:06:47","slug":"infotag-md-transnistria-pledeaza-pentru-mentinerea-armatei-ruse-si-formatului-actual-al-operatiunii-de-pacificare","status":"publish","type":"post","link":"https:\/\/centers.ulbsibiu.ro\/ccsprise\/lact\/infotag-md-transnistria-pledeaza-pentru-mentinerea-armatei-ruse-si-formatului-actual-al-operatiunii-de-pacificare\/","title":{"rendered":"Infotag.md &#8211; TRANSNISTRIA PLEDEAZ\u0102 PENTRU MEN\u0162INEREA ARMATEI RUSE \u015eI FORMATULUI ACTUAL AL OPERA\u0162IUNII DE PACIFICARE"},"content":{"rendered":"<p>P\u0103strarea formatului actual al opera\u0163iunii de men\u0163inere a p\u0103cii \u015fi prezen\u0163a militarilor ru\u015fi \u00een Transnistria este sprijinit\u0103 de 85 282 de locuitori ai regiunii. Aceste rezultate au fost ob\u0163inute \u00een urma colect\u0103rii semn\u0103turilor \u00een ora\u015fele \u015fi regiunile Transnistriei \u00een perioada 16 octombrie &#8211; 30 noiembrie 2017.<\/p>\n<p>Potrivit agen\u0163iei INFOTAG cu referire la site-ul Sovietului Suprem al autoproclamatei RMN, pentru colectarea semn\u0103turilor a fost \u00eenfiin\u0163at\u0103 o comisie special\u0103, au fost amenajate puncte speciale \u00een care persoanele cu v\u00e2rsta de peste 16 ani au putut semna pentru p\u0103strarea actualei opera\u0163iuni de men\u0163inere a p\u0103cii \u015fi GOTR.<\/p>\n<p>Pre\u015fedinta Comisiei pentru prezentarea rezultatelor colect\u0103rii semn\u0103turi, consilierul liderului de la Tiraspol, Anna Volkova, a spus c\u0103 aceast\u0103 campanie reprezint\u0103 &#8220;o contribu\u0163ie semnificativ\u0103 a Transnistriei \u00een dezvoltarea rela\u0163ii str\u00e2nse \u015fi multilaterale cu Rusia&#8221;, &#8220;un r\u0103spuns la ac\u0163iunile ostile ale autorit\u0103\u0163ilor Moldovei fa\u0163\u0103 de opera\u0163iunea de men\u0163inere a p\u0103cii \u015fi prezen\u0163a militarilor ru\u015fi \u00een RMN&#8221;.<\/p>\n<p>Potrivit ei, sondajul poate fi comparat dup\u0103 importan\u0163\u0103 cu referendumurile din republic\u0103 cu privire la atitudinea fa\u0163\u0103 de Federa\u0163ia Rus\u0103, desf\u0103\u015furate \u00een 1995 \u015fi 2006.<\/p>\n<p>Actul semnat de membrii comisiei va fi trimis at\u00e2t conducerii Transnistriei, c\u00e2t \u015fi Rusiei.<\/p>\n<p>Sursa:<\/p>\n<p><a href=\"http:\/\/www.infotag.md\/rebelion-ro\/259515\/\">http:\/\/www.infotag.md\/rebelion-ro\/259515\/<\/a><\/p>\n","protected":false},"excerpt":{"rendered":"<p>P\u0103strarea formatului actual al opera\u0163iunii de men\u0163inere a p\u0103cii \u015fi prezen\u0163a militarilor ru\u015fi \u00een Transnistria este sprijinit\u0103 de 85 282 de locuitori ai regiunii. Aceste rezultate au fost ob\u0163inute \u00een urma colect\u0103rii semn\u0103turilor \u00een ora\u015fele \u015fi regiunile Transnistriei \u00een perioada 16 octombrie &#8211; 30 noiembrie 2017. Potrivit agen\u0163iei INFOTAG cu referire la site-ul Sovietului Suprem&#8230;<\/p>\n","protected":false},"author":2,"featured_media":0,"comment_status":"closed","ping_status":"open","sticky":false,"template":"","format":"standard","meta":[],"categories":[1],"tags":[],"_links":{"self":[{"href":"https:\/\/centers.ulbsibiu.ro\/ccsprise\/lact\/wp-json\/wp\/v2\/posts\/4262"}],"collection":[{"href":"https:\/\/centers.ulbsibiu.ro\/ccsprise\/lact\/wp-json\/wp\/v2\/posts"}],"about":[{"href":"https:\/\/centers.ulbsibiu.ro\/ccsprise\/lact\/wp-json\/wp\/v2\/types\/post"}],"author":[{"embeddable":true,"href":"https:\/\/centers.ulbsibiu.ro\/ccsprise\/lact\/wp-json\/wp\/v2\/users\/2"}],"replies":[{"embeddable":true,"href":"https:\/\/centers.ulbsibiu.ro\/ccsprise\/lact\/wp-json\/wp\/v2\/comments?post=4262"}],"version-history":[{"count":1,"href":"https:\/\/centers.ulbsibiu.ro\/ccsprise\/lact\/wp-json\/wp\/v2\/posts\/4262\/revisions"}],"predecessor-version":[{"id":4263,"href":"https:\/\/centers.ulbsibiu.ro\/ccsprise\/lact\/wp-json\/wp\/v2\/posts\/4262\/revisions\/4263"}],"wp:attachment":[{"href":"https:\/\/centers.ulbsibiu.ro\/ccsprise\/lact\/wp-json\/wp\/v2\/media?parent=4262"}],"wp:term":[{"taxonomy":"category","embeddable":true,"href":"https:\/\/centers.ulbsibiu.ro\/ccsprise\/lact\/wp-json\/wp\/v2\/categories?post=4262"},{"taxonomy":"post_tag","embeddable":true,"href":"https:\/\/centers.ulbsibiu.ro\/ccsprise\/lact\/wp-json\/wp\/v2\/tags?post=4262"}],"curies":[{"name":"wp","href":"https:\/\/api.w.org\/{rel}","templated":true}]}}