{"id":4259,"date":"2018-02-13T13:11:48","date_gmt":"2018-02-13T11:11:48","guid":{"rendered":"https:\/\/centers.ulbsibiu.ro\/ccsprise\/lact\/?p=4259"},"modified":"2018-02-13T13:17:52","modified_gmt":"2018-02-13T11:17:52","slug":"adevarul-ro-voronin-explica-de-ce-a-refuzat-in-2003-federalizarea-tarii-transnistria-era-sa-si-declare-independenta-chiar-in-a-doua-zi","status":"publish","type":"post","link":"https:\/\/centers.ulbsibiu.ro\/ccsprise\/lact\/adevarul-ro-voronin-explica-de-ce-a-refuzat-in-2003-federalizarea-tarii-transnistria-era-sa-si-declare-independenta-chiar-in-a-doua-zi\/","title":{"rendered":"Adev\u0103rul.ro &#8211; Voronin explic\u0103 de ce a refuzat \u00een 2003 federalizarea \u0163\u0103rii: Transnistria era s\u0103-\u015fi declare independen\u0163a chiar \u00een a doua zi"},"content":{"rendered":"<p>De\u015fi este acuzat adesea de c\u0103tre Igor Dodon c\u0103 \u00een 2003 nu ar fi trebuit s\u0103 resping\u0103 \u201eplanul Kozak\u201d, document ce presupunea federalizarea \u0163\u0103rii, fostul pre\u015fedinte al Republicii Moldova Vladimir Voronin sus\u0163ine c\u0103 nici acum nu l-ar fi semnat.<\/p>\n<div>Vladimir Voronin a dat de \u00een\u0163eles c\u0103 documentul respectiv era scris sub forma ce-i permiteau Transnistriei s\u0103-\u015fi declare independen\u0163a.<\/div>\n<p>\u201e\u015eti\u0163i ce avea s\u0103 se \u00eent\u00e2mple? Avea s\u0103 semnez \u015fi a doua zi Igor Smirnov avea s\u0103 declare independen\u0163a Transnistriei. Cum spun preo\u0163ii &#8211; Amin. Eu singur \u00eensumi avea s\u0103 transmit Transnistria s\u0103 se duc\u0103 ca stat independent\u201d, a explicat Vladimir Voronin luni, 12 februarie, la emisiunea \u201e<a href=\"http:\/\/adevarul.ro\/moldova\/politica\/adevarul-live-ora-1800-liderul-comunistilor-moldova-vladimir-voronin-despre-propaganda-rusa-unire-igor-dodon-traian-basescu-1_5a809932df52022f756dfc10\/index.html\" target=\"_blank\" rel=\"noopener\">Adev\u0103rul Live<\/a>\u201d.<\/p>\n<div>Voronin a negat c\u0103 Moscova ar fi cea care a formulat textul \u201eplanului Kozak\u201d \u00een a\u015fa fel \u00eenc\u00e2t acest fapt s\u0103 dezavantajeze Chi\u015fin\u0103ul, preciz\u00e2nd c\u0103 documentul a fost scris la Chi\u015fin\u0103u.<\/div>\n<div>\u201eAici putem merge \u015fi mai departe, dup\u0103 aceasta (dup\u0103 semnare) cine avea s\u0103 cear\u0103 aceast\u0103 autonomie? G\u0103g\u0103uzia\u201d, a men\u0163ionat fostul pre\u015fedinte.<\/div>\n<div>Liderul comuni\u015ftilor de la Chi\u015fin\u0103u a infirmat declara\u0163iile lui Igor Dodon c\u0103 ar fi respins \u201eplanul Kozak\u201d dup\u0103 o \u00eentrevedere cu ambasadorul american.\u00a0\u201eNu m-a vizitat nimeni \u015fi nu m-a influen\u0163at nimeni\u201d, a spus Voronin.<\/div>\n<div>Amintim c\u0103 Planul Kozak a fost propus conducerii de la Chi\u015fin\u0103u \u00een anul 2003 ca un document ce trebuia s\u0103 duc\u0103 la solu\u0163ionarea definitiv\u0103 a conflictului de pe Nistru \u015fi s\u0103 transforme Moldova \u00eentr-o federa\u0163ie, iar regiunea transnistrean\u0103 s\u0103 aib\u0103 drepturi egale \u00een cadrul noii structuri de stat.<\/div>\n<div>\n<p>Drept urmare, trebuia s\u0103 fie constituit unui stat moldovenesc federal asimetric cu un Parlament bicameral.<\/p>\n<p>Legile trebuiau consim\u0163ite de\u00a0Senat, care era format din 13 reprezentan\u0163i ai Chi\u015fin\u0103ului, 9 ai Transnistriei \u015fi 4 din G\u0103g\u0103uzia.<\/p>\n<p>Pre\u015fedintele Republicii Moldova de atunci, Vladimir Voronin, a respins planul Kozak pe ultima sut\u0103 de metri, iar liderul de la Kremlin, Vladimir Putin, a fost \u00eentors din drum spre Chi\u015fin\u0103u, unde cei doi \u015fefi de state trebuiau s\u0103 semneze planul Kozak.<\/p>\n<p>Amintim c\u0103 Igor Dodon a declarat \u00eentr-un interviu recent c\u0103 problema transnistrean\u0103 a ap\u0103rut din cauza declara\u0163iilor antiruse \u015fi na\u0163ionaliste de la Chi\u015fin\u0103u, la \u00eenceputul anilor &#8217;90. \u015eeful statului sus\u0163ine c\u0103 a existat o oportunitate de a solu\u0163iona conflictul din st\u00e2nga Nistrului \u00een anul 2003, atunci c\u00e2nd Moscova a propus s\u0103 fie semnat \u201eplanul Kozak\u201d, cel care, potrivit pre\u015fedintelui, ar fi p\u0103strat integritatea \u0163\u0103rii \u015fi ar fi pus cap\u0103t \u201epericolului rom\u00e2nesc\u201d.<\/p>\n<p>Sursa:<\/p>\n<p><a href=\"http:\/\/adevarul.ro\/moldova\/politica\/voronin-explica-refuzat-2003-federalizarea-tarii-transnistria-era-sa-si-declare-independenta-doua-zi-1_5a82956cdf52022f757cd84b\/index.html\">http:\/\/adevarul.ro\/moldova\/politica\/voronin-explica-refuzat-2003-federalizarea-tarii-transnistria-era-sa-si-declare-independenta-doua-zi-1_5a82956cdf52022f757cd84b\/index.html<\/a><\/p>\n<\/div>\n","protected":false},"excerpt":{"rendered":"<p>De\u015fi este acuzat adesea de c\u0103tre Igor Dodon c\u0103 \u00een 2003 nu ar fi trebuit s\u0103 resping\u0103 \u201eplanul Kozak\u201d, document ce presupunea federalizarea \u0163\u0103rii, fostul pre\u015fedinte al Republicii Moldova Vladimir Voronin sus\u0163ine c\u0103 nici acum nu l-ar fi semnat. Vladimir Voronin a dat de \u00een\u0163eles c\u0103 documentul respectiv era scris sub forma ce-i permiteau Transnistriei&#8230;<\/p>\n","protected":false},"author":2,"featured_media":0,"comment_status":"closed","ping_status":"open","sticky":false,"template":"","format":"standard","meta":[],"categories":[1],"tags":[],"_links":{"self":[{"href":"https:\/\/centers.ulbsibiu.ro\/ccsprise\/lact\/wp-json\/wp\/v2\/posts\/4259"}],"collection":[{"href":"https:\/\/centers.ulbsibiu.ro\/ccsprise\/lact\/wp-json\/wp\/v2\/posts"}],"about":[{"href":"https:\/\/centers.ulbsibiu.ro\/ccsprise\/lact\/wp-json\/wp\/v2\/types\/post"}],"author":[{"embeddable":true,"href":"https:\/\/centers.ulbsibiu.ro\/ccsprise\/lact\/wp-json\/wp\/v2\/users\/2"}],"replies":[{"embeddable":true,"href":"https:\/\/centers.ulbsibiu.ro\/ccsprise\/lact\/wp-json\/wp\/v2\/comments?post=4259"}],"version-history":[{"count":2,"href":"https:\/\/centers.ulbsibiu.ro\/ccsprise\/lact\/wp-json\/wp\/v2\/posts\/4259\/revisions"}],"predecessor-version":[{"id":4261,"href":"https:\/\/centers.ulbsibiu.ro\/ccsprise\/lact\/wp-json\/wp\/v2\/posts\/4259\/revisions\/4261"}],"wp:attachment":[{"href":"https:\/\/centers.ulbsibiu.ro\/ccsprise\/lact\/wp-json\/wp\/v2\/media?parent=4259"}],"wp:term":[{"taxonomy":"category","embeddable":true,"href":"https:\/\/centers.ulbsibiu.ro\/ccsprise\/lact\/wp-json\/wp\/v2\/categories?post=4259"},{"taxonomy":"post_tag","embeddable":true,"href":"https:\/\/centers.ulbsibiu.ro\/ccsprise\/lact\/wp-json\/wp\/v2\/tags?post=4259"}],"curies":[{"name":"wp","href":"https:\/\/api.w.org\/{rel}","templated":true}]}}