{"id":4256,"date":"2018-02-12T20:36:16","date_gmt":"2018-02-12T18:36:16","guid":{"rendered":"https:\/\/centers.ulbsibiu.ro\/ccsprise\/lact\/?p=4256"},"modified":"2020-06-12T18:28:39","modified_gmt":"2020-06-12T16:28:39","slug":"europalibera-org-igor-munteanu-politicile-republicii-moldova-in-domeniul-reintegrarii-regiunii-transnistrene-bat-pasul-pe-loc","status":"publish","type":"post","link":"https:\/\/centers.ulbsibiu.ro\/ccsprise\/lact\/europalibera-org-igor-munteanu-politicile-republicii-moldova-in-domeniul-reintegrarii-regiunii-transnistrene-bat-pasul-pe-loc\/","title":{"rendered":"Europalibera.org &#8211; Igor Munteanu: \u201ePoliticile Republicii Moldova \u00een domeniul reintegr\u0103rii regiunii transnistrene bat pasul pe loc\u201d"},"content":{"rendered":"<p><a title=\"Liliana Barb\u0103ro\u0219ie\" href=\"https:\/\/www.europalibera.org\/author\/20469.html\">Liliana Barb\u0103ro\u0219ie<\/a><\/p>\n<div class=\"intro content-offset\">\n<p>Interviul dimine\u021bii cu directorul Institutului IDIS Viitorul despre evolu\u021biile politice \u00een chestiunea transnistrean\u0103.<\/p>\n<\/div>\n<div>\n<div class=\"wsw\">\n<p><em>\u00cencotro se mi\u015fc\u0103 lucrurile \u00een reglementarea transnistrean\u0103? Guvernul spune c\u0103 spre o mai bun\u0103 \u00een\u0163elegere. De cealalt\u0103 parte e IDIS Viitorul, care are mari rezerve mai ales fa\u0163\u0103 de mijloacele la care se recurge. Vom discuta ast\u0103zi despre aceste rezerve cu directorul de la IDIS, Igor Munteanu<\/em>.<\/p>\n<p><strong>Europa Liber\u0103: B\u0103nuiesc, dle Munteanu, c\u0103 nu m\u0103 ve\u0163i contrazice, dac\u0103 voi spune c\u0103 au existat ani \u00een \u015fir \u00een care nimic, dar absolut nimic, nu se \u00eent\u00e2mpla \u00een reglementarea transnistrean\u0103, spre marea nemul\u0163umire a tuturor. \u0218ti\u0163i \u015fi Dvs. \u2013 negocieri blocate, niciun contact \u015fi nicio evolu\u0163ie. Acum, c\u00e2nd lucrurile aparent se mi\u015fc\u0103 \u2013 s-a reconstruit un pod, a \u00eenceput controlul mixt moldo-ucrainean la un punct de frontier\u0103, s-au semnat ni\u015fte protocoale \u2013, sunte\u0163i tot mai \u00eengrijorat, a\u0163i reluat discu\u0163iile despre liniile ro\u015fii care s-ar dep\u0103\u015fi. Guvernan\u0163ii ar putea s\u0103 v\u0103 repro\u015feze c\u0103 nu v\u0103 mai pot intra \u00een voie. <\/strong><\/p>\n<p><strong>Igor Munteanu:<\/strong> \u201eV\u0103 mul\u021bumesc foarte mult c\u0103 a\u021bi pornit cu aceast\u0103 \u00eentrebare. Este adev\u0103rat, exist\u0103 ni\u0219te pa\u0219i mici, dar nu \u0219tiu \u0219i nu suntem siguri c\u0103 ace\u0219ti pa\u0219i mici merg \u00een direc\u021bia corect\u0103. Deschiderea unui pod este \u00eenso\u021bit\u0103 imediat de instalarea unui post ilegal al administra\u021biei transnistrene; recunoa\u0219terea diplomelor este \u00eenso\u021bit\u0103 de atribuirea unor elemente de suveranitate pentru regimul transnistrean; din nou, nu avem nicio siguran\u021b\u0103 asupra faptului c\u0103 ceea ce ne intereseaz\u0103 pe noi, Republica Moldova, are vreo \u0219ans\u0103 de izb\u00e2nd\u0103. M\u0103 refer, evident, la transmiterea terenurilor pe care \u021b\u0103ranii de la Cocieri \u0219i Co\u0219ni\u021ba le prelucreaz\u0103 de ani de zile \u0219i care, de fiecare dat\u0103 atunci c\u00e2nd ajung la momentul roadei, ei sunt lipsi\u021bi de posibilitatea de a-\u0219i face lucrul \u0219i de a-\u0219i ob\u021bine resursele de care au nevoie.<\/p>\n<p>Dar astea sunt lucruri mici, iar lucrurile mari sunt legate de faptul c\u0103 exist\u0103 aceast\u0103 senza\u021bie c\u0103 direc\u021bia pe care o urmeaz\u0103 politicile Republicii Moldova \u00een domeniul reintegr\u0103rii regiunii transnistrene bat pasul pe loc \u0219i, mai mult dec\u00e2t at\u00e2t, mergem \u00eentr-o direc\u021bie absolut eronat\u0103 \u2013 mergem \u00een direc\u021bia unei recunoa\u0219teri a\u00a0Transnistriei cu toate consecin\u021bele care se isc\u0103 de aici. \u0218i \u00een acest sens a\u0219 face referin\u021b\u0103 la faptul c\u0103 \u00een anul 2017 au existat ac\u021biuni foarte active sprijinite de Federa\u021bia Rus\u0103, evident, prin care a\u0219a-zi\u0219ii diploma\u021bi de la Tiraspol au vizitat Roma, Strasbourgul, Londra, Tel Avivul \u0219i alte ora\u0219e importante \u00een care \u0219i-au promovat a\u0219a-zisa statalitate, abuz\u00e2nd \u00eentr-un fel de lipsa de ac\u021biuni \u0219i reac\u021bii a autorit\u0103\u021bilor Republicii Moldova \u0219i \u00eencerc\u00e2nd, \u00eentr-un fel, s\u0103 construiasc\u0103 aceast\u0103 punte spre recunoa\u0219terea implicit\u0103.<\/p>\n<p>\u00cen acela\u0219i timp, \u00een contextul acestor ac\u021biuni semi-diplomatice, Federa\u021bia Rus\u0103 a mobilizat resurse uria\u0219e pentru consolidarea capacit\u0103\u021bilor de ap\u0103rare \u0219i securitate ale acestui regim. \u00cen anul 2017 au avut loc 140 de exerci\u021bii militare \u00een st\u00e2nga Nistrului, iar reac\u021biile noastre au fost destul de neconving\u0103toare, noi am spus c\u0103 protest\u0103m \u0219i cu asta s-a terminat.\u201d<\/p>\n<p><strong>Europa Liber\u0103: Trebuie s\u0103 \u00een\u021belegem, dle Munteanu, c\u0103<\/strong> <strong>a\u0163i fi preferat, totu\u015fi, mai bine s\u0103 r\u0103m\u00e2n\u0103 \u00eenghe\u021b, dec\u00e2t un dezghe\u0163 precum cel actual?<\/strong><\/p>\n<p><strong>Igor Munteanu:<\/strong> \u201eEu a\u0219 prefera, ca orice cet\u0103\u021bean al acestei \u021b\u0103ri, s\u0103 existe o voin\u021b\u0103 politic\u0103 pentru consolidarea \u0219i crearea, afirmarea unei politici unitare a Republicii Moldova fa\u021b\u0103 de obiectivul general al procesului de negocieri sau chiar reintegrarea.\u201d<\/p>\n<p><strong>Europa Liber\u0103: Acum vreo jum\u0103tate de an, prin prim\u0103vara trecut\u0103, dac\u0103 \u00eemi amintesc bine, responsabilul de atunci cu reintegrarea din Guvern, viceremierul Gheorghe B\u0103lan, anun\u0163a \u00eentr-o conferin\u0163\u0103 organizat\u0103 chiar de institutul pe care \u00eel conduce\u0163i c\u0103 Guvernul este pe punctul de prezenta o astfel de politic\u0103, viziune, zicea dl B\u0103lan atunci, un document oficial, care ar con\u0163ine viziunea de stat \u00een chestiunea reglement\u0103rii transnistrene. Nu s-a \u00eent\u00e2mplat. Ave\u0163i \u015ftiin\u0163\u0103 de ce?<\/strong><\/p>\n<p><strong>Igor Munteanu:<\/strong> \u201eNu s-a \u00eent\u00e2mplat, pentru c\u0103 nu a existat voin\u021b\u0103 politic\u0103 prin asumarea unor responsabilit\u0103\u021bi, pentru c\u0103 o politic\u0103 nu \u00eenseamn\u0103, a\u0219a cum \u00ee\u0219i doresc unii, un document cu c\u00e2teva nonsensuri scrise pe el, ci \u00eenseamn\u0103 o politic\u0103 cu multe componente, cu alocare de resurse \u0219i cu stabilirea exact\u0103\u2026\u201d<\/p>\n<p><strong>Europa Liber\u0103: Deci, asta s-a \u00eent\u00e2mplat pentru c\u0103 Guvernul nu \u0219i-a asumat, p\u00e2n\u0103 la urm\u0103, acea viziune, acel document care s-a scris?<\/strong><\/p>\n<p><strong>Igor Munteanu:<\/strong> \u201eNu \u0219i-a asumat-o \u0219i, dup\u0103 cum bine \u0219ti\u021bi, a existat \u0219i \u00eenlocuirea dlui B\u0103lan, dup\u0103 care, evident c\u0103 Guvernul s-a ocupat de alte treburi electorale, politicianiste \u0219i nu s-a ocupat de formularea unei politici care ar \u00eensemna exprimarea interesului na\u021bional\u2026\u201d<\/p>\n<p><strong>Europa Liber\u0103: Ultima dat\u0103 l-am auzit pe dl Filip, premierul, vorbind despre aceasta \u00een decembrie. Zicea despre o foarte apropiat\u0103 prezentare a acestei viziuni. Crede\u021bi c\u0103 se va \u00eent\u00e2mpla m\u0103car acum?<\/strong><\/p>\n<p><strong>Igor Munteanu:<\/strong> \u201eEu nu am suficient\u0103 convingere c\u0103 acest Guvern este capabil s\u0103 construiasc\u0103 o politic\u0103 adecvat\u0103 \u0219i acesta ar fi cel mai important lucru care ar trebui s\u0103 se \u00eent\u00e2mple, pentru c\u0103, uita\u021bi-v\u0103, are loc o anumit\u0103 ritualizare a procesului de negocieri \u00een care toat\u0103 lumea este extrem de mul\u021bumit\u0103 de faptul c\u0103 exist\u0103 un format \u201e5+2\u201d, care nu livreaz\u0103 absolut nimic. Acest format este \u201e5+2\u201d\u2026\u201d<\/p>\n<p><strong>Europa Liber\u0103: Dar cum, iat\u0103, lipsa acestei viziuni d\u0103uneaz\u0103 reglement\u0103rii? Cum anume? Cum a\u021bi explica?<\/strong><\/p>\n<p><strong>Igor Munteanu:<\/strong> \u201eV\u0103 explic: \u00een primul r\u00e2nd, Republica Moldova nu-\u0219i poate exercita suveranitatea asupra teritoriului care-i apar\u021bine conform dreptului interna\u021bional. Cet\u0103\u021benii Republicii Moldova sunt total neap\u0103ra\u021bi \u00een fa\u021ba abuzurilor care se \u00eent\u00e2mpl\u0103 \u00een st\u00e2nga Nistrului. Economia Transnistriei se dezvolt\u0103 total \u00een alt\u0103 direc\u021bie; folosesc privilegiile accesului pe pia\u021b\u0103 la Uniunea European\u0103 \u0219i la exporturile pe care le practic\u0103 agen\u021bii economici din st\u00e2nga Nistrului \u0219i v\u0103 dau un exemplu: \u00een anul 2017 doar, exporturile transnistrene au fost de aproximativ 1,7 miliarde de dolari, f\u0103r\u0103 ca o parte din taxele colectate din ace\u0219ti bani \u00een acest scop s\u0103 treac\u0103 \u0219i \u00een bugetul Republicii Moldova.<\/p>\n<p>Insecuritatea care este legat\u0103 de prezen\u021ba regimului separatist ne afecteaz\u0103 pe fiecare \u00een parte prin miliarde de conexiuni. Investi\u021biile str\u0103ine nu vin \u00een Republica Moldova, inclusiv din cauza instabilit\u0103\u021bii \u0219i factorilor de pericol militar. Ce se \u00eent\u00e2mpl\u0103 la noi?<\/p>\n<p>Noi spunem c\u0103 \u201eda, noi negociem\u201d, dar nu \u0219tim \u00een care direc\u021bie negociem, nu \u0219tim care sunt instrumentele prin care putem s\u0103 facem prezen\u021ba militarilor ru\u0219i insuportabil\u0103 \u0219i impardonabil\u0103. \u00cen acest moment \u0219tim c\u0103 are loc un anumit proces de \u00eencorporare a trupelor transnistrene \u00een ceea ce se nume\u0219te for\u021bele armate ale Federa\u021biei Ruse. \u00cen anul 2017 au existat exerci\u021bii militare \u00een Districtul militar de apus \u00een care GOTR-ul (Grupul Operativ de Trupe Regulate al Federa\u021biei Ruse) din Transnistria a f\u0103cut parte din planul general de comand\u0103. Aceste exerci\u021bii militare care s-au desf\u0103\u0219urat \u00een st\u00e2nga Nistrului au avut loc la mai pu\u021bin de 50 km de capitala Chi\u0219in\u0103u. Toate aceste lucruri creeaz\u0103 o nervozitate \u0219i ni\u0219te preocup\u0103ri legitime din partea cet\u0103\u021benilor care nu se simt suficient de ap\u0103ra\u021bi.<\/p>\n<p>Ce facem noi? Noi continu\u0103m aceast\u0103 practic\u0103 vicioas\u0103 de a merge \u00een \u00eent\u00e2mpinarea liderilor secesioni\u0219ti, oferindu-le elemente de suveranitate, a\u0219a cum spune \u0219i dl Vladimir Socor \u0219i a\u0219a cum n-ar trebui s\u0103 se \u00eent\u00e2mple.\u201d<\/p>\n<p><strong>Europa Liber\u0103: Dar a\u021bi vrea s\u0103 explica\u021bi, cum anume crede\u021bi c\u0103 Chi\u0219in\u0103ul ofer\u0103 elemente de suveranitate Tiraspolului?<\/strong><\/p>\n<p><strong>Igor Munteanu:<\/strong> \u201ePrin recunoa\u0219terea diplomelor, prin recunoa\u0219terea acestui format care nu duce nic\u0103ieri\u2026\u201d<\/p>\n<p><strong>Europa Liber\u0103: Deci, se trec liniile ro\u015fii despre care vorbea\u0163i la un moment dat?<\/strong><\/p>\n<p><strong>Igor Munteanu:<\/strong> \u201eExact. Ar trebui, probabil, s\u0103 explic ce \u00eenseamn\u0103 acest concept al liniilor ro\u0219ii, pentru c\u0103 am v\u0103zut dintr-odat\u0103 ni\u0219te reac\u021bii foarte stranii din partea unor persoane cu anumit\u0103 educa\u021bie, inclusiv diplomatic\u0103. Linia ro\u0219ie \u00eenseamn\u0103 conceptul de netolerare a unor concesii care vin \u00een contradic\u021bie cu prevederile \u0219i normele Constitu\u021biei Republicii Moldova, care vin \u00een contradic\u021bie cu interesul na\u021bional al Republicii Moldova de a avea aceast\u0103 regiune \u0219i cet\u0103\u021benii moldoveni din st\u00e2nga Nistrului proteja\u021bi de lege \u0219i \u00eentre institu\u021biile sau instrumentele juridice care ar putea, \u00eentr-adev\u0103r, s\u0103-i recupereze.<\/p>\n<p>Noi avem nevoie s\u0103-i recuper\u0103m pe ace\u0219ti cet\u0103\u021beni din st\u00e2nga Nistrului nu printr-o mutare de popula\u021bie, ci prin schimbarea sau transformarea acestui conflict \u00eentr-un conflict care poate fi digerat de statul Republica Moldova. Nimeni nu ne va oferi o solu\u021bie pe o tipsie sau pe o farfurie, dac\u0103 noi nu vom dori acest lucru. A\u021bi putea spune: dar de ce ar trebui acum s\u0103 ne ocup\u0103m acum de conflictul transnistrean, c\u00e2nd avem at\u00e2tea probleme care ard cu flac\u0103r\u0103? Problema este c\u0103 acest regim transnistrean \u00een formula sa existent\u0103 \u0219i \u00eentr-o formul\u0103 pe care Tiraspolul \u0219i-ar dori s\u0103 fie chiar mai larg\u0103, cum ar fi o co-federalizare a Republicii Moldova, afecteaz\u0103 tot ce \u0219tim noi despre cet\u0103\u021benii \u0219i societatea Republicii Moldova.\u201d<\/p>\n<p><strong>Europa Liber\u0103: Dle Munteanu, a\u021bi vorbit despre retragerea lui Gheorghe B\u0103lan din func\u021bia de responsabil cu reintegrarea. V-a\u0219 \u00eentreba \u00een felul urm\u0103tor: v-a\u021bi fi a\u015fteptat la un altfel de comportament din partea Domniei sale, iat\u0103, \u00een momentul \u00een care, a\u0219a cum afirma\u021bi, se \u00eencalc\u0103 aceste linii ro\u0219ii, la un semn de protest din partea Domniei sale?<\/strong><\/p>\n<p><strong>Igor Munteanu:<\/strong> \u201eOrice semn de protest \u021bine, \u00een primul r\u00e2nd, de persoana despre care vorbim. \u0218ti\u021bi, dl B\u0103lan a fost o persoan\u0103 destul de deschis\u0103 \u0219i era favorabil\u0103 unei abord\u0103ri, s\u0103 zicem, mai afirmative de politic\u0103 \u00een procesul reglement\u0103rii. Ce s-a \u00eent\u00e2mplat la sf\u00e2r\u0219itul anului, nu pot s\u0103 v\u0103 explic, pentru c\u0103 deciziile care se iau cu mutarea \u0219i \u00eenlocuirea oficialilor \u021bine absolut de prerogativa Guvernului \u0219i de factorii politici care stau \u00een spatele ei. Nu a\u0219 dori s\u0103 comentez mai mult acest lucru. Este fapt clar c\u0103 lipsa unei politici unitare, clare ce merit\u0103 alocate sau asumate politic conduce la vulnerabilizarea pozi\u021biilor Republicii Moldova \u00een a\u0219a-zisul proces de negocieri.\u201d<\/p>\n<p><strong>Europa Liber\u0103: Dar rolul partenerilor occidentali, euroatlantici, dac\u0103 pot s\u0103 spun a\u0219a, cum \u00eel vede\u0163i? A fost la un moment dat un repro\u015f, oarecum surprinz\u0103tor din partea Dvs. \u0219i a mai multor reprezentan\u021bi ai societ\u0103\u021bii civile, fa\u0163\u0103 de ace\u015fti parteneri referitor la rolul pe care \u00eel joac\u0103 \u00een aceast\u0103 chestiune.<\/strong><\/p>\n<p><strong>Igor Munteanu:<\/strong> \u201eSigur, ar trebui s\u0103 fim foarte pruden\u021bi atunci c\u00e2nd l\u0103ud\u0103m incursiunile diplomatice, inclusiv ale Misiunii OSCE, \u00een procesul de negocieri, pentru c\u0103, de exemplu, \u00een anul 2016 \u0219i 2017 n-a existat nicio singur\u0103 pozi\u021bie a Misiunii OSCE \u00een Republica Moldova fa\u021b\u0103 de exerci\u021biile militare total ilegale ale Federa\u021biei Ruse \u00een Republica Moldova.\u201d<\/p>\n<p><strong>Europa Liber\u0103: Dar c\u00e2nd ace\u015fti actori, iat\u0103, salut\u0103 \u00een\u0163elegerile atinse, a\u0219a cum a fost \u00een cazul protocoalelor privind \u015fcolile, terenurile agricole, leg\u0103turile telefonice etc., ce trebuie s\u0103 \u00een\u0163eleag\u0103 cet\u0103\u0163eanul? E simpl\u0103 diploma\u0163ie, altceva?<\/strong><\/p>\n<p><strong>Igor Munteanu:<\/strong> \u201eCet\u0103\u0163eanul ar trebui s\u0103 \u00een\u0163eleag\u0103 c\u0103 acest diplomat consider\u0103 c\u0103 simpla existen\u021b\u0103 a unor discu\u021bii este mai favorabil\u0103, dec\u00e2t atunci c\u00e2nd se \u00eempu\u0219c\u0103, dar pentru Republica Moldova este un rezultat insuficient. Pentru Republica Moldova ar trebui s\u0103 existe o definire clar\u0103 a rezultatului sau a obiectivului concret al acestor negocieri. Pozi\u021bia Federa\u021biei Ruse este c\u0103 \u201enegocia\u021bi \u0219i pe urm\u0103 vom vedea ce se va \u00eent\u00e2mpla\u201d, iar noi, cei care am semnat acordul, aceast\u0103 declara\u021bie, spunem c\u0103 nu este suficient, trebuie s\u0103 definim exact care este scopul \u0219i s\u0103 punem \u00een aplicare mijloacele pe care le are Republica Moldova \u00een aceast\u0103 privin\u021b\u0103. S\u0103 nu uit\u0103m c\u0103 exist\u0103 o diferen\u021b\u0103 clar\u0103 \u00eentre Republica Moldova \u0219i aceast\u0103 statalitate nerecunoscut\u0103. Noi avem p\u00e2inea \u0219i cu\u021bitul, avem posibilitatea de a exercita presiuni serioase asupra actorilor din partea transnistrean\u0103 pentru ca s\u0103 cre\u0103m acest curs favorabil interesului na\u021bional de reintegrare a Transnistriei \u00een condi\u021bii democratice\u2026\u201d<\/p>\n<p><strong>Europa Liber\u0103: De ce nu se \u00eent\u00e2mpl\u0103?<\/strong><\/p>\n<p><strong>Igor Munteanu:<\/strong> \u201eNu vrem un \u201eplan Kozak-2\u201d, impus de ast\u0103 dat\u0103 din partea altor cancelarii sau al acelora\u0219i cancelarii, dar \u00eembr\u0103cat \u00een alte haine. De ce nu se \u00eent\u00e2mpl\u0103? Pentru c\u0103, \u00een primul r\u00e2nd, nu exist\u0103 suficient efort institu\u021bional pentru definirea acestui curs de reintegrare, exist\u0103 o netransparen\u021b\u0103 asupra rezultatelor sau pa\u0219ilor mici care se fac. V\u0103 dau exemplu: nimeni n-a f\u0103cut o analiz\u0103 de impact asupra transmiterii dreptului de export privilegiat pe pia\u021ba Uniunii Europene, f\u0103r\u0103 asumarea unor obliga\u021bii clare din partea transnistrenilor de a se adapta la legisla\u021bia Republicii Moldova. Noi credem c\u0103 este bine ca ei s\u0103 exporte, dar ei ar trebui de asemenea s\u0103 se adapteze la legile \u0219i regulamentele, reglement\u0103rile care exist\u0103 \u00een Republica Moldova, pentru c\u0103 accesul lor la pia\u021ba european\u0103 este dictat doar de faptul c\u0103 noi am semnat acest Acord de Asociere \u0219i nu altcineva.\u201d<\/p>\n<p><strong>Europa Liber\u0103: Da. \u00cenc\u0103 o clip\u0103 pentru o concluzie, nu mai putem continua. Vom reveni \u0219i cu alte prilejuri la acest subiect, dle Munteanu?<\/strong><\/p>\n<p><strong>Igor Munteanu:<\/strong> \u201eSigur ar trebui s\u0103 revenim, pentru c\u0103 problematica acestui conflict ne afecteaz\u0103, influen\u021beaz\u0103 foarte puternic procesul politic; businessul transnistrean l\u0103sat f\u0103r\u0103 nicio supraveghere a devenit un lobbist tradi\u021bional, inclusiv \u00een Parlamentul Republicii Moldova, iar militarizarea acestei regiuni creeaz\u0103 efecte de insecuritate pentru \u00eentreaga regiune, nu doar pentru Republica Moldova.\u201d<\/p>\n<p>Sursa:<\/p>\n<p>https:\/\/www.europalibera.org\/a\/interviul-diminetii-igor-munteanu-liliana-barbarosie\/29034476.html<\/p>\n<\/div>\n<\/div>\n","protected":false},"excerpt":{"rendered":"<p>Liliana Barb\u0103ro\u0219ie Interviul dimine\u021bii cu directorul Institutului IDIS Viitorul despre evolu\u021biile politice \u00een chestiunea transnistrean\u0103. \u00cencotro se mi\u015fc\u0103 lucrurile \u00een reglementarea transnistrean\u0103? Guvernul spune c\u0103 spre o mai bun\u0103 \u00een\u0163elegere. De cealalt\u0103 parte e IDIS Viitorul, care are mari rezerve mai ales fa\u0163\u0103 de mijloacele la care se recurge. Vom discuta ast\u0103zi despre aceste rezerve&#8230;<\/p>\n","protected":false},"author":2,"featured_media":0,"comment_status":"closed","ping_status":"open","sticky":false,"template":"","format":"standard","meta":[],"categories":[1],"tags":[],"_links":{"self":[{"href":"https:\/\/centers.ulbsibiu.ro\/ccsprise\/lact\/wp-json\/wp\/v2\/posts\/4256"}],"collection":[{"href":"https:\/\/centers.ulbsibiu.ro\/ccsprise\/lact\/wp-json\/wp\/v2\/posts"}],"about":[{"href":"https:\/\/centers.ulbsibiu.ro\/ccsprise\/lact\/wp-json\/wp\/v2\/types\/post"}],"author":[{"embeddable":true,"href":"https:\/\/centers.ulbsibiu.ro\/ccsprise\/lact\/wp-json\/wp\/v2\/users\/2"}],"replies":[{"embeddable":true,"href":"https:\/\/centers.ulbsibiu.ro\/ccsprise\/lact\/wp-json\/wp\/v2\/comments?post=4256"}],"version-history":[{"count":1,"href":"https:\/\/centers.ulbsibiu.ro\/ccsprise\/lact\/wp-json\/wp\/v2\/posts\/4256\/revisions"}],"predecessor-version":[{"id":4257,"href":"https:\/\/centers.ulbsibiu.ro\/ccsprise\/lact\/wp-json\/wp\/v2\/posts\/4256\/revisions\/4257"}],"wp:attachment":[{"href":"https:\/\/centers.ulbsibiu.ro\/ccsprise\/lact\/wp-json\/wp\/v2\/media?parent=4256"}],"wp:term":[{"taxonomy":"category","embeddable":true,"href":"https:\/\/centers.ulbsibiu.ro\/ccsprise\/lact\/wp-json\/wp\/v2\/categories?post=4256"},{"taxonomy":"post_tag","embeddable":true,"href":"https:\/\/centers.ulbsibiu.ro\/ccsprise\/lact\/wp-json\/wp\/v2\/tags?post=4256"}],"curies":[{"name":"wp","href":"https:\/\/api.w.org\/{rel}","templated":true}]}}