{"id":4250,"date":"2018-02-12T09:23:55","date_gmt":"2018-02-12T07:23:55","guid":{"rendered":"https:\/\/centers.ulbsibiu.ro\/ccsprise\/lact\/?p=4250"},"modified":"2018-02-12T09:23:55","modified_gmt":"2018-02-12T07:23:55","slug":"radiochisinau-md-peste-9-mii-de-transnistreni-au-obtinut-in-2017-cetatenia-rusiei-anunta-la-tiraspol-ambasadorul-muhametsin","status":"publish","type":"post","link":"https:\/\/centers.ulbsibiu.ro\/ccsprise\/lact\/radiochisinau-md-peste-9-mii-de-transnistreni-au-obtinut-in-2017-cetatenia-rusiei-anunta-la-tiraspol-ambasadorul-muhametsin\/","title":{"rendered":"Radiochisinau.md &#8211; Peste 9 mii de transnistreni au ob\u021binut \u00een 2017 cet\u0103\u021benia Rusiei, anun\u021b\u0103 la Tiraspol ambasadorul Muhamet\u0219in"},"content":{"rendered":"<p class=\"story-body__introduction\">Moscova a acordat \u00een 2017 cet\u0103\u021benia rus\u0103 unui num\u0103r de 9185 de locuitori ai regiunii separatiste transnistrene. Anun\u021bul a fost f\u0103cut de ambasadorul Rusiei \u00een Republica Moldova, Farit Muhamet\u0219in, ieri, 10 februarie, \u00een cadrul unei \u0219edin\u021be l\u0103rgite a a\u0219a-zisului minister de externe de la Tiraspol.<\/p>\n<div class=\"articleContent\">\n<p>\u201d\u00cen ultimul timp se aud voci din partea unor for\u021be ostile, cum c\u0103 fie Transnistria s-ar \u00eendep\u0103rta de Rusia, fie c\u0103 Rusia s-ar \u00eendep\u0103rta de Transnistria. Toate acestea au ca scop s\u0103 \u0219ubrezeasc\u0103 interac\u021biunea \u0219i cooperarea noastr\u0103 reciproc avantajoas\u0103. Ei sunt deranja\u021bi de rolul pe care Rusia \u00eel joac\u0103 \u00een procesul reglement\u0103rii transnistrene, men\u021binerea securit\u0103\u021bii \u0219i stabilit\u0103\u021bii \u00een regiune. Un r\u0103spuns la asemenea tentative ale inamicilor no\u0219tri, care se pronun\u021b\u0103 asupra perspectivelor colabor\u0103rii ruso-transnistrene, va fi prezen\u021ba ridicat\u0103 a transnistrenilor \u2013 cet\u0103\u021beni ai Federa\u021biei Ruse, la apropiatele alegeri\u201d, a declarat Muhamet\u0219in la Tiraspol, citat de agen\u021bia oficial\u0103 transnistrean\u0103 \u201e<a href=\"https:\/\/novostipmr.com\/ru\/news\/18-02-09\/v-proshlom-godu-grazhdanami-rossii-stali-bolee-9-tysyach\">Novosti PMR<\/a>\u201d.<\/p>\n<p>\u00cen context, el le-a mul\u021bumit autorit\u0103\u021bilor de la Tiraspol pentru suportul acordat activit\u0103\u021bii a\u0219a-zisei misiuni mobile a Consulatului rusesc de la Tiraspol, precum \u0219i pentru organizarea \u00een regiunea separatist\u0103 a alegerilor preziden\u021biale ruse din 18 martie 2018.<\/p>\n<p>Anterior, Farit Muhamet\u015fin, a anun\u0163at c\u0103 \u00een Transnistria, unde ar locui peste 200.000 de cet\u0103\u0163eni ru\u015fi, este planificat\u0103 deschiderea a 24 de sec\u0163ii de votare, cu dou\u0103 sec\u0163ii mai mult dec\u00e2t la alegerile din 2016 \u00een Duma de Stat.<\/p>\n<p>\u00cen acest sens, liderul administra\u021biei transnistrene, <a href=\"http:\/\/radiochisinau.md\/autoritatile-din-transnistria-vor-ajuta-ambasada-rusa-sa-organizeze-desfasurarea-alegerilor-prezidentiale-din-rusia---62429.html\" target=\"_blank\" rel=\"noopener\">Vadim Krasnoselski, a cerut executivului regional s\u0103\u00a0pun\u0103 la dispozi\u0163ia unor comisii electorale formate de Ambasada Rusiei \u00een Republica Moldova a unor spa\u0163ii, mijloace de transport \u015fi de comunica\u0163ie necesare desf\u0103\u015fur\u0103rii alegerilor<\/a>, iar for\u021belor speciale \u0219i celor de ordine &#8211; s\u0103 asigure ordinea public\u0103 pe parcursul scrutimului.<\/p>\n<p>Sursa:<\/p>\n<p><a href=\"http:\/\/radiochisinau.md\/peste-9-mii-de-transnistreni-au-obtinut-in-2017-cetatenia-rusiei-anunta-la-tiraspol-ambasadorul-muhametsin---63281.html\">http:\/\/radiochisinau.md\/peste-9-mii-de-transnistreni-au-obtinut-in-2017-cetatenia-rusiei-anunta-la-tiraspol-ambasadorul-muhametsin&#8212;63281.html<\/a><\/p>\n<\/div>\n","protected":false},"excerpt":{"rendered":"<p>Moscova a acordat \u00een 2017 cet\u0103\u021benia rus\u0103 unui num\u0103r de 9185 de locuitori ai regiunii separatiste transnistrene. Anun\u021bul a fost f\u0103cut de ambasadorul Rusiei \u00een Republica Moldova, Farit Muhamet\u0219in, ieri, 10 februarie, \u00een cadrul unei \u0219edin\u021be l\u0103rgite a a\u0219a-zisului minister de externe de la Tiraspol. \u201d\u00cen ultimul timp se aud voci din partea unor for\u021be&#8230;<\/p>\n","protected":false},"author":2,"featured_media":0,"comment_status":"closed","ping_status":"open","sticky":false,"template":"","format":"standard","meta":[],"categories":[1],"tags":[],"_links":{"self":[{"href":"https:\/\/centers.ulbsibiu.ro\/ccsprise\/lact\/wp-json\/wp\/v2\/posts\/4250"}],"collection":[{"href":"https:\/\/centers.ulbsibiu.ro\/ccsprise\/lact\/wp-json\/wp\/v2\/posts"}],"about":[{"href":"https:\/\/centers.ulbsibiu.ro\/ccsprise\/lact\/wp-json\/wp\/v2\/types\/post"}],"author":[{"embeddable":true,"href":"https:\/\/centers.ulbsibiu.ro\/ccsprise\/lact\/wp-json\/wp\/v2\/users\/2"}],"replies":[{"embeddable":true,"href":"https:\/\/centers.ulbsibiu.ro\/ccsprise\/lact\/wp-json\/wp\/v2\/comments?post=4250"}],"version-history":[{"count":1,"href":"https:\/\/centers.ulbsibiu.ro\/ccsprise\/lact\/wp-json\/wp\/v2\/posts\/4250\/revisions"}],"predecessor-version":[{"id":4251,"href":"https:\/\/centers.ulbsibiu.ro\/ccsprise\/lact\/wp-json\/wp\/v2\/posts\/4250\/revisions\/4251"}],"wp:attachment":[{"href":"https:\/\/centers.ulbsibiu.ro\/ccsprise\/lact\/wp-json\/wp\/v2\/media?parent=4250"}],"wp:term":[{"taxonomy":"category","embeddable":true,"href":"https:\/\/centers.ulbsibiu.ro\/ccsprise\/lact\/wp-json\/wp\/v2\/categories?post=4250"},{"taxonomy":"post_tag","embeddable":true,"href":"https:\/\/centers.ulbsibiu.ro\/ccsprise\/lact\/wp-json\/wp\/v2\/tags?post=4250"}],"curies":[{"name":"wp","href":"https:\/\/api.w.org\/{rel}","templated":true}]}}