{"id":4247,"date":"2018-02-10T21:00:07","date_gmt":"2018-02-10T19:00:07","guid":{"rendered":"https:\/\/centers.ulbsibiu.ro\/ccsprise\/lact\/?p=4247"},"modified":"2018-02-10T21:01:39","modified_gmt":"2018-02-10T19:01:39","slug":"unimedia-md-dodon-am-impresia-ca-unii-din-regiunea-transnistreana-ar-fi-fericiti-sa-aiba-un-guvern-pro-roman-in-moldova","status":"publish","type":"post","link":"https:\/\/centers.ulbsibiu.ro\/ccsprise\/lact\/unimedia-md-dodon-am-impresia-ca-unii-din-regiunea-transnistreana-ar-fi-fericiti-sa-aiba-un-guvern-pro-roman-in-moldova\/","title":{"rendered":"Unimedia.md &#8211; Dodon: Am impresia c\u0103 unii din regiunea transnistrean\u0103 ar fi ferici\u021bi s\u0103 aib\u0103 un guvern pro-rom\u00e2n \u00een Moldova"},"content":{"rendered":"<p>Pre\u0219edintele Republicii Moldova, Igor Dodon, sus\u021bine c\u0103 mass-media din regiunea transnistrean\u0103 \u00eel critic\u0103 prea des \u0219i c\u0103 are impresia c\u0103 cei din st\u00e2nga Nistrului \u0219i-a dori \u201es\u0103 aib\u0103 un guvern pro-rom\u00e2n \u0219i pro-NATO\u201d.<\/p>\n<p>Declara\u021bia a fost f\u0103cut\u0103 \u00een cadrul unui interviu oferit pentru postul de televiziune transnistrean \u201eNistru TV\u201d.<\/p>\n<p>Ave\u021bi mass-media \u201e\u0219erif\u201d, care m\u0103 critic\u0103 toat\u0103 ziua. De Plahotniuc nu se ating, ei \u00eel critic\u0103 pe Dodon, care se \u00eent\u00e2lne\u0219te \u0219i are o rela\u021bie bun\u0103 cu Putin. Ei nu se ating de Partidul Democrat, care adopt\u0103 acum declara\u021bii anti-ruse, legi care interzic canalele ruse\u0219ti.<\/p>\n<p>Toate acestea reprezint\u0103 o \u00eencercare de a face tot posibilul pentru a ne asigura c\u0103 nimic nu s-a schimbat. Primi\u021bi bani din Rusia, nu pl\u0103ti\u021bi pentru gaz, da-\u021bi \u00eentreprinderilor voastre gaz mai ieftin dec\u00e2t la restul. Cred c\u0103 aceasta este o \u00eencercare de a \u00eenghe\u021ba totul. Pe de alt\u0103 parte, exist\u0103 un interes \u00een aceast\u0103 \u0219i pe malul drept. Iar cei cu care liderii transnistreni comunic\u0103 aici, este neprofitabil ca s\u0103 existe un dialog \u00eentre mine \u0219i regiunea transnistrean\u0103\u201d, a declarat \u0219eful statului.<\/p>\n<p>De asemenea acesta a men\u021bionat c\u0103 \u00een cazul \u00een care Republica Moldova \u00ee\u0219i va pierde suveranitatea, \u201eregiunea transnistrean\u0103 nu va supravie\u021bui\u201d.<\/p>\n<p>\u201eUneori am impresia c\u0103 unii din st\u00e2nga Nistrului ar fi ferici\u021bi s\u0103 aib\u0103 un guvern pro-rom\u00e2n \u00een Moldova, pro-NATO. Pentru c\u0103 \u00een acest caz este mai u\u0219or s\u0103 cerem bani, s\u0103 nu facem nici un fel de aranjamente, s\u0103 distrugem ideea, astfel \u00eenc\u00e2t s\u0103 avem o \u021bar\u0103 comun\u0103. [&#8230;] Trebuie s\u0103 \u00een\u021belege\u021bi c\u0103 dac\u0103 Moldova \u00ee\u0219i va pierde suveranitatea, atunci regiunea transnistrean\u0103 nu va supravie\u021bui\u201d, a mai spus Igor Dodon.<\/p>\n<p>Sursa:<\/p>\n<p><a href=\"http:\/\/unimedia.info\/stiri\/video-dodon-am-impresia-ca-unii-din-regiunea-transnistreana-ar-fi-fericiti-sa-aiba-un-guvern-pro-roman-in-moldova-147862.html\">http:\/\/unimedia.info\/stiri\/video-dodon-am-impresia-ca-unii-din-regiunea-transnistreana-ar-fi-fericiti-sa-aiba-un-guvern-pro-roman-in-moldova-147862.html<\/a><\/p>\n","protected":false},"excerpt":{"rendered":"<p>Pre\u0219edintele Republicii Moldova, Igor Dodon, sus\u021bine c\u0103 mass-media din regiunea transnistrean\u0103 \u00eel critic\u0103 prea des \u0219i c\u0103 are impresia c\u0103 cei din st\u00e2nga Nistrului \u0219i-a dori \u201es\u0103 aib\u0103 un guvern pro-rom\u00e2n \u0219i pro-NATO\u201d. Declara\u021bia a fost f\u0103cut\u0103 \u00een cadrul unui interviu oferit pentru postul de televiziune transnistrean \u201eNistru TV\u201d. Ave\u021bi mass-media \u201e\u0219erif\u201d, care m\u0103 critic\u0103&#8230;<\/p>\n","protected":false},"author":2,"featured_media":0,"comment_status":"closed","ping_status":"open","sticky":false,"template":"","format":"standard","meta":[],"categories":[1],"tags":[],"_links":{"self":[{"href":"https:\/\/centers.ulbsibiu.ro\/ccsprise\/lact\/wp-json\/wp\/v2\/posts\/4247"}],"collection":[{"href":"https:\/\/centers.ulbsibiu.ro\/ccsprise\/lact\/wp-json\/wp\/v2\/posts"}],"about":[{"href":"https:\/\/centers.ulbsibiu.ro\/ccsprise\/lact\/wp-json\/wp\/v2\/types\/post"}],"author":[{"embeddable":true,"href":"https:\/\/centers.ulbsibiu.ro\/ccsprise\/lact\/wp-json\/wp\/v2\/users\/2"}],"replies":[{"embeddable":true,"href":"https:\/\/centers.ulbsibiu.ro\/ccsprise\/lact\/wp-json\/wp\/v2\/comments?post=4247"}],"version-history":[{"count":2,"href":"https:\/\/centers.ulbsibiu.ro\/ccsprise\/lact\/wp-json\/wp\/v2\/posts\/4247\/revisions"}],"predecessor-version":[{"id":4249,"href":"https:\/\/centers.ulbsibiu.ro\/ccsprise\/lact\/wp-json\/wp\/v2\/posts\/4247\/revisions\/4249"}],"wp:attachment":[{"href":"https:\/\/centers.ulbsibiu.ro\/ccsprise\/lact\/wp-json\/wp\/v2\/media?parent=4247"}],"wp:term":[{"taxonomy":"category","embeddable":true,"href":"https:\/\/centers.ulbsibiu.ro\/ccsprise\/lact\/wp-json\/wp\/v2\/categories?post=4247"},{"taxonomy":"post_tag","embeddable":true,"href":"https:\/\/centers.ulbsibiu.ro\/ccsprise\/lact\/wp-json\/wp\/v2\/tags?post=4247"}],"curies":[{"name":"wp","href":"https:\/\/api.w.org\/{rel}","templated":true}]}}