{"id":4241,"date":"2018-02-10T18:07:49","date_gmt":"2018-02-10T16:07:49","guid":{"rendered":"https:\/\/centers.ulbsibiu.ro\/ccsprise\/lact\/?p=4241"},"modified":"2018-02-10T18:07:49","modified_gmt":"2018-02-10T16:07:49","slug":"publika-md-refugiatii-din-stanga-nistrului-saluta-modificarile-legislative-care-le-permit-privatizarea-gratuita-a-locuintelor","status":"publish","type":"post","link":"https:\/\/centers.ulbsibiu.ro\/ccsprise\/lact\/publika-md-refugiatii-din-stanga-nistrului-saluta-modificarile-legislative-care-le-permit-privatizarea-gratuita-a-locuintelor\/","title":{"rendered":"Publika.md &#8211; Refugia\u021bii din st\u00e2nga Nistrului salut\u0103 modific\u0103rile legislative care le permit privatizarea gratuit\u0103 a locuin\u021belor"},"content":{"rendered":"<p><strong>Refugia\u021bii din regiunea transnistrean\u0103 salut\u0103 modific\u0103rile legislative care le permit privatizarea gratuit\u0103 a locuin\u021belor. <\/strong>Pre\u0219edintele Mi\u0219c\u0103rii refugia\u021bilor, Anatolie B\u00eezgu, a declarat c\u0103 perioada de contradic\u021bii dintre autorit\u0103\u021bi \u0219i beneficiari s-a \u00eencheiat, iar, pe viitor, ei sper\u0103 la o colaborare mai eficient\u0103.<\/p>\n<p>&#8220;Membrii asocia\u021biei sunt profund recunosc\u0103tori pentru sprijinul acordat, pentru sus\u021binerea privind modificarea legisla\u021biei Republicii Moldova \u00een privin\u021ba solu\u021bion\u0103rii a multiplelor probleme inclusiv de ordin social&#8221;, a declarat pre\u0219edintele Mi\u0219carea Refugia\u021bilor Transnistreni, Anatolie B\u00eezgu.<\/p>\n<p>\u00cen luna decembrie 2017, Parlamentul a adoptat modific\u0103rile la Legea cu privire la fondul locativ.<\/p>\n<p>Atunci, autorit\u0103\u021bile au dispus includerea \u00een lista beneficiarilor pentru privatizarea gratuit\u0103 a locuin\u021belor \u015fi familiile, care au fost nevoite s\u0103-\u015fi p\u0103r\u0103seasc\u0103 locuin\u0163ele din raioanele de est ale \u021b\u0103rii.<\/p>\n<p>Tot atunci, autorit\u0103\u021bile au acordat acelea\u0219i drepturi \u0219i pentru familiile care au mai mult de trei copii.<\/p>\n<p>De asemenea, modific\u0103rile mai prev\u0103d prelungirea termenului de privatizare a locuin\u021belor p\u00e2n\u0103 \u00een 2021.<\/p>\n<p>Cite\u0219te mai mult: <a href=\"https:\/\/www.publika.md\/refugiatii-din-stanga-nistrului-saluta-modificarile-legislative-care-le-permit-privatizarea-gratuita-a-locuintelor_2995259.html#ixzz56ipcmItW\">https:\/\/www.publika.md\/refugiatii-din-stanga-nistrului-saluta-modificarile-legislative-care-le-permit-privatizarea-gratuita-a-locuintelor_2995259.html#ixzz56ipcmItW<\/a><\/p>\n","protected":false},"excerpt":{"rendered":"<p>Refugia\u021bii din regiunea transnistrean\u0103 salut\u0103 modific\u0103rile legislative care le permit privatizarea gratuit\u0103 a locuin\u021belor. Pre\u0219edintele Mi\u0219c\u0103rii refugia\u021bilor, Anatolie B\u00eezgu, a declarat c\u0103 perioada de contradic\u021bii dintre autorit\u0103\u021bi \u0219i beneficiari s-a \u00eencheiat, iar, pe viitor, ei sper\u0103 la o colaborare mai eficient\u0103. &#8220;Membrii asocia\u021biei sunt profund recunosc\u0103tori pentru sprijinul acordat, pentru sus\u021binerea privind modificarea legisla\u021biei Republicii&#8230;<\/p>\n","protected":false},"author":2,"featured_media":0,"comment_status":"closed","ping_status":"open","sticky":false,"template":"","format":"standard","meta":[],"categories":[1],"tags":[],"_links":{"self":[{"href":"https:\/\/centers.ulbsibiu.ro\/ccsprise\/lact\/wp-json\/wp\/v2\/posts\/4241"}],"collection":[{"href":"https:\/\/centers.ulbsibiu.ro\/ccsprise\/lact\/wp-json\/wp\/v2\/posts"}],"about":[{"href":"https:\/\/centers.ulbsibiu.ro\/ccsprise\/lact\/wp-json\/wp\/v2\/types\/post"}],"author":[{"embeddable":true,"href":"https:\/\/centers.ulbsibiu.ro\/ccsprise\/lact\/wp-json\/wp\/v2\/users\/2"}],"replies":[{"embeddable":true,"href":"https:\/\/centers.ulbsibiu.ro\/ccsprise\/lact\/wp-json\/wp\/v2\/comments?post=4241"}],"version-history":[{"count":1,"href":"https:\/\/centers.ulbsibiu.ro\/ccsprise\/lact\/wp-json\/wp\/v2\/posts\/4241\/revisions"}],"predecessor-version":[{"id":4242,"href":"https:\/\/centers.ulbsibiu.ro\/ccsprise\/lact\/wp-json\/wp\/v2\/posts\/4241\/revisions\/4242"}],"wp:attachment":[{"href":"https:\/\/centers.ulbsibiu.ro\/ccsprise\/lact\/wp-json\/wp\/v2\/media?parent=4241"}],"wp:term":[{"taxonomy":"category","embeddable":true,"href":"https:\/\/centers.ulbsibiu.ro\/ccsprise\/lact\/wp-json\/wp\/v2\/categories?post=4241"},{"taxonomy":"post_tag","embeddable":true,"href":"https:\/\/centers.ulbsibiu.ro\/ccsprise\/lact\/wp-json\/wp\/v2\/tags?post=4241"}],"curies":[{"name":"wp","href":"https:\/\/api.w.org\/{rel}","templated":true}]}}