{"id":4239,"date":"2018-02-09T20:16:01","date_gmt":"2018-02-09T18:16:01","guid":{"rendered":"https:\/\/centers.ulbsibiu.ro\/ccsprise\/lact\/?p=4239"},"modified":"2018-02-09T20:16:01","modified_gmt":"2018-02-09T18:16:01","slug":"gov-md-viceprim-ministrul-cristina-lesnic-in-dialog-cu-reprezentantii-societatii-civile","status":"publish","type":"post","link":"https:\/\/centers.ulbsibiu.ro\/ccsprise\/lact\/gov-md-viceprim-ministrul-cristina-lesnic-in-dialog-cu-reprezentantii-societatii-civile\/","title":{"rendered":"Gov.md &#8211; Viceprim-ministrul Cristina Lesnic \u00een dialog cu reprezentan\u021bii societ\u0103\u021bii civile"},"content":{"rendered":"<p align=\"JUSTIFY\">Ast\u0103zi, 09 februarie 2018, Viceprim-ministrul Cristina Lesnic a luat parte la o mas\u0103 rotund\u0103 de discu\u021bii, cu participarea reprezentan\u021bilor mediului asociativ (Institutul pentru Dezvoltare \u0219i Ini\u021biative Sociale, Institutul de Politici Publice, Asocia\u021bia pentru Politic\u0103 Extern\u0103, Asocia\u021bia Promo-Lex etc) \u0219i a func\u021bionarilor din autorit\u0103\u021bile administra\u021biei publice (Ministerul Afacerilor Externe \u0219i Integr\u0103rii Europene, Ministerul Ap\u0103r\u0103rii, Biroul politici de reintegrare, Pre\u0219edintele consiliului raional Dub\u0103sari).<\/p>\n<p align=\"JUSTIFY\">Scopul evenimentului a constat \u00een ini\u021bierea unei platforme interactive de dialog, care urmeaz\u0103 a fi permanentizat\u0103 \u0219i extins\u0103 pe viitor \u00eentr-un format de audien\u021b\u0103 mai larg\u0103, cu efectuarea unui schimb de opinii \u0219i idei vizavi de procesul de promovare a politicii guvernamentale \u00een domeniul reintegr\u0103rii \u021b\u0103rii, negocierile pentru reglementarea transnistrean\u0103 \u0219i subiectele actuale de pe agend\u0103.<\/p>\n<p align=\"JUSTIFY\">\u00cen cadrul discu\u021biei au fost trecute \u00een revist\u0103 evolu\u021biile recente pe aceast\u0103 dimensiune, ac\u021biunile \u00eentreprinse de c\u0103tre autorit\u0103\u021bile Republicii Moldova pentru a garanta drepturile \u0219i interesele fundamentale ale\u00a0 cet\u0103\u021beanului, precum \u0219i s-a abordat posibilitatea implic\u0103rii cu o plusvaloare \u0219i o expertiz\u0103 complementar\u0103 \u0219i a speciali\u0219tilor cu o vast\u0103 experien\u021b\u0103 profesional\u0103 ce activeaz\u0103 \u00een institu\u021biile mediului asociativ autohton.<\/p>\n<p align=\"JUSTIFY\">Vicepremierul a exprimat deplina deschidere pentru a dezvolta aceast\u0103 platform\u0103 de comunicare, inclusiv, cu men\u021biunea necesit\u0103\u021bii focus\u0103rii ulterior pe discu\u021bii tematice, suger\u00e2nd, totodat\u0103, disponibilitatea ca evenimentele de acest gen s\u0103 fie organizate \u0219i \u00een incinta Casei Guvernului.<\/p>\n<p align=\"JUSTIFY\">Sursa:<\/p>\n<p align=\"JUSTIFY\"><a href=\"http:\/\/gov.md\/ro\/content\/viceprim-ministrul-cristina-lesnic-dialog-cu-reprezentantii-societatii-civile\">http:\/\/gov.md\/ro\/content\/viceprim-ministrul-cristina-lesnic-dialog-cu-reprezentantii-societatii-civile<\/a><\/p>\n","protected":false},"excerpt":{"rendered":"<p>Ast\u0103zi, 09 februarie 2018, Viceprim-ministrul Cristina Lesnic a luat parte la o mas\u0103 rotund\u0103 de discu\u021bii, cu participarea reprezentan\u021bilor mediului asociativ (Institutul pentru Dezvoltare \u0219i Ini\u021biative Sociale, Institutul de Politici Publice, Asocia\u021bia pentru Politic\u0103 Extern\u0103, Asocia\u021bia Promo-Lex etc) \u0219i a func\u021bionarilor din autorit\u0103\u021bile administra\u021biei publice (Ministerul Afacerilor Externe \u0219i Integr\u0103rii Europene, Ministerul Ap\u0103r\u0103rii, Biroul politici&#8230;<\/p>\n","protected":false},"author":2,"featured_media":0,"comment_status":"closed","ping_status":"open","sticky":false,"template":"","format":"standard","meta":[],"categories":[1],"tags":[],"_links":{"self":[{"href":"https:\/\/centers.ulbsibiu.ro\/ccsprise\/lact\/wp-json\/wp\/v2\/posts\/4239"}],"collection":[{"href":"https:\/\/centers.ulbsibiu.ro\/ccsprise\/lact\/wp-json\/wp\/v2\/posts"}],"about":[{"href":"https:\/\/centers.ulbsibiu.ro\/ccsprise\/lact\/wp-json\/wp\/v2\/types\/post"}],"author":[{"embeddable":true,"href":"https:\/\/centers.ulbsibiu.ro\/ccsprise\/lact\/wp-json\/wp\/v2\/users\/2"}],"replies":[{"embeddable":true,"href":"https:\/\/centers.ulbsibiu.ro\/ccsprise\/lact\/wp-json\/wp\/v2\/comments?post=4239"}],"version-history":[{"count":1,"href":"https:\/\/centers.ulbsibiu.ro\/ccsprise\/lact\/wp-json\/wp\/v2\/posts\/4239\/revisions"}],"predecessor-version":[{"id":4240,"href":"https:\/\/centers.ulbsibiu.ro\/ccsprise\/lact\/wp-json\/wp\/v2\/posts\/4239\/revisions\/4240"}],"wp:attachment":[{"href":"https:\/\/centers.ulbsibiu.ro\/ccsprise\/lact\/wp-json\/wp\/v2\/media?parent=4239"}],"wp:term":[{"taxonomy":"category","embeddable":true,"href":"https:\/\/centers.ulbsibiu.ro\/ccsprise\/lact\/wp-json\/wp\/v2\/categories?post=4239"},{"taxonomy":"post_tag","embeddable":true,"href":"https:\/\/centers.ulbsibiu.ro\/ccsprise\/lact\/wp-json\/wp\/v2\/tags?post=4239"}],"curies":[{"name":"wp","href":"https:\/\/api.w.org\/{rel}","templated":true}]}}