{"id":4236,"date":"2018-02-09T19:59:19","date_gmt":"2018-02-09T17:59:19","guid":{"rendered":"https:\/\/centers.ulbsibiu.ro\/ccsprise\/lact\/?p=4236"},"modified":"2018-02-09T20:00:17","modified_gmt":"2018-02-09T18:00:17","slug":"infotag-md-chisinaul-insista-pe-solutionarea-cat-mai-grabnica-a-problemei-referitor-la-utilizarea-terenurilor-agricole-amplasate-dupa-traseul-tiraspol-camenca","status":"publish","type":"post","link":"https:\/\/centers.ulbsibiu.ro\/ccsprise\/lact\/infotag-md-chisinaul-insista-pe-solutionarea-cat-mai-grabnica-a-problemei-referitor-la-utilizarea-terenurilor-agricole-amplasate-dupa-traseul-tiraspol-camenca\/","title":{"rendered":"Infotag.md &#8211; CHI\u015eIN\u0102UL INSIST\u0102 PE SOLU\u0162IONAREA C\u00c2T MAI GRABNIC\u0102 A PROBLEMEI REFERITOR LA UTILIZAREA TERENURILOR AGRICOLE, AMPLASATE DUP\u0102 TRASEUL TIRASPOL-CAMENCA"},"content":{"rendered":"<p>\u00cent\u00e2lnirea din ajun de la Dub\u0103sari a fost una pozitiv\u0103 \u015fi productiv\u0103, a declarat reprezentantul special al Federa\u021biei Ruse \u00een reglementarea transnistrean\u0103, Serghei Gubarev, la \u00eentrevederea de joi cu viceprim-ministrul pentru Reintegrare, Cristina Lesnic.<\/p>\n<p>Potrivit agen\u0163iei INFOTAG cu referire la Biroul Politici de Reintegrare, el a spus c\u0103 nu doar c\u0103 a luat cuno\u015ftin\u0163\u0103 de problem\u0103 la fa\u0163a locului, ci \u015fi a discutat acest subiect cu pre\u015fedintele raionului din partea Moldovei, Grigore Policinschi, \u015fi cu cel din partea Transnistriei, Ruslan Ceban, care au manifestat interes \u00een solu\u0163ionarea acesteia.<\/p>\n<p>Vicepremierul a punctat necesitatea de a fi duse la un bun sf\u00e2r\u0219it procesele ini\u021biate, astfel \u00eenc\u00e2t \u00een perioada apropiat\u0103 accesul la terenuri s\u0103 fie restabilit, primele lucr\u0103ri de prim\u0103var\u0103 s\u0103 fie \u00eencepute, circula\u021bia nestingherit\u0103 pe linia administrativ\u0103 s\u0103 fie asigurat\u0103 \u0219i recoltele agricole s\u0103 fie colectate \u00een anul curent.<\/p>\n<p>Anterior, ministrul de externe al autoproclamatei RMN, Vitalii Ignatiev, a declarat c\u0103 Transnistria a \u00eendeplinit partea sa de lucru privind realizarea acordurilor semnate, inclusiv referitor la problemele terenurilor agricole. Iar acum a\u015fteapt\u0103 din partea Moldovei lista cu fermierii care de\u0163in documente asupra terenurilor amplasate dup\u0103 traseul Tiraspol-R\u00eebni\u0163a \u015fi actele confirmative.<\/p>\n<p>Dup\u0103 cum a informat anterior INFOTAG, problema terenurilor \u00een Dub\u0103sari a ap\u0103rut \u00een 1999, c\u00e2nd vame\u015fii transnistreni au \u00eenceput s\u0103 le pun\u0103 piedici fermierilor moldoveni \u00een traversarea drumului, ca s\u0103-\u015fi cultive terenurile. Totodat\u0103, ei au fost obliga\u0163i s\u0103 pl\u0103teasc\u0103 impozite \u015fi taxe pentru culturile exportate. \u00cen cele din urm\u0103, mul\u0163i au refuzat s\u0103 mai cultive terenurile. Este vorba de circa 6,5 mii de hectare de terenuri agricole, \u00een care 5,6 mii de s\u0103teni sunt proprietari, cu documentele corespunz\u0103toare eliberate de c\u0103tre autorit\u0103\u0163ile competente ale Republicii Moldova.<\/p>\n<p>Problema accesului \u0163\u0103ranilor la terenurile lor este una dintre principalele probleme ridicate de Moldova la toate platformele \u00een procesul de reglementare transnistrean\u0103. \u00cen cadrul \u015fedin\u0163ei din 25 noiembrie 2017, reprezentan\u0163ii politici din Moldova \u015fi Transnistria au reu\u015fit s\u0103 semneze o decizie de protocol privind unele m\u0103suri de solu\u0163ionare a problemelor legate de utilizarea terenurilor agricole situate \u00een raionul Dub\u0103sari, dup\u0103 autostrada Tiraspol-Camenca.<\/p>\n<p>\u00cen vederea \u00eendeplinirii deciziei, s\u0103pt\u0103m\u00e2na trecut\u0103, Guvernul Transnistriei a adoptat o hot\u0103r\u00e2re care prevede \u201ereglementarea problemelor utiliz\u0103rii terenurilor \u015fi crearea condi\u0163iilor optime pentru activitatea produc\u0103torilor agricoli \u00een raionul Dub\u0103sari\u201d.<\/p>\n<p>Potrivit acesteia, pentru prelucrarea p\u0103m\u00e2ntului de c\u0103tre persoanele fizice \u015fi juridice din satele Doro\u0163caia, P\u00eer\u00eeta, Co\u015fni\u0163a, Pogrebea, Cocieri, Molovata Nou\u0103, Vasilievca, ace\u015ftia trebuie s\u0103 ob\u0163in\u0103 certificatul de la administra\u0163ia raionului \u00een baza \u201ecererii, documentelor \u015fi \u00een ordinea stabilit\u0103 de Ministerul Agriculturii \u015fi Resurselor Naturale al RMN \u015fi \u00een coordonare cu Ministerul Afacerilor Externe, \u0163in\u00e2nd cont de acordurile semnate \u00een cadrul procesului de negocieri cu RM\u201d.<\/p>\n<p>\u00cenregistrarea simplificat\u0103 special\u0103 a utilizatorilor de terenuri \u015fi eliberarea certificatului respectiv se efectueaz\u0103 gratuit, \u00een termen de 30 de zile de la data depunerii cererii \u015fi a documentelor. Valabilitatea certificatului este de p\u00e2n\u0103 la cinci ani.<\/p>\n<p>Conform hot\u0103r\u00e2rii, cet\u0103\u0163enii Moldovei care de\u0163in \u00een proprietate \u201eterenuri agricole \u00een raionul Dub\u0103sari din RMN, la nord-est de drumul Tiraspol-Camenca, le vor putea cultiva \u015fi \u00ee\u015fi vor putea lua recolta \u00een baza unui certificat de \u00eenregistrare simplificat\u0103 special\u0103 \u00een calitate de utilizatori de terenuri\u201d.<\/p>\n<p>Sursa:<\/p>\n<p><a href=\"http:\/\/www.infotag.md\/rebelion-ro\/259455\/\">http:\/\/www.infotag.md\/rebelion-ro\/259455\/<\/a><\/p>\n","protected":false},"excerpt":{"rendered":"<p>\u00cent\u00e2lnirea din ajun de la Dub\u0103sari a fost una pozitiv\u0103 \u015fi productiv\u0103, a declarat reprezentantul special al Federa\u021biei Ruse \u00een reglementarea transnistrean\u0103, Serghei Gubarev, la \u00eentrevederea de joi cu viceprim-ministrul pentru Reintegrare, Cristina Lesnic. Potrivit agen\u0163iei INFOTAG cu referire la Biroul Politici de Reintegrare, el a spus c\u0103 nu doar c\u0103 a luat cuno\u015ftin\u0163\u0103 de&#8230;<\/p>\n","protected":false},"author":2,"featured_media":0,"comment_status":"closed","ping_status":"open","sticky":false,"template":"","format":"standard","meta":[],"categories":[1],"tags":[],"_links":{"self":[{"href":"https:\/\/centers.ulbsibiu.ro\/ccsprise\/lact\/wp-json\/wp\/v2\/posts\/4236"}],"collection":[{"href":"https:\/\/centers.ulbsibiu.ro\/ccsprise\/lact\/wp-json\/wp\/v2\/posts"}],"about":[{"href":"https:\/\/centers.ulbsibiu.ro\/ccsprise\/lact\/wp-json\/wp\/v2\/types\/post"}],"author":[{"embeddable":true,"href":"https:\/\/centers.ulbsibiu.ro\/ccsprise\/lact\/wp-json\/wp\/v2\/users\/2"}],"replies":[{"embeddable":true,"href":"https:\/\/centers.ulbsibiu.ro\/ccsprise\/lact\/wp-json\/wp\/v2\/comments?post=4236"}],"version-history":[{"count":2,"href":"https:\/\/centers.ulbsibiu.ro\/ccsprise\/lact\/wp-json\/wp\/v2\/posts\/4236\/revisions"}],"predecessor-version":[{"id":4238,"href":"https:\/\/centers.ulbsibiu.ro\/ccsprise\/lact\/wp-json\/wp\/v2\/posts\/4236\/revisions\/4238"}],"wp:attachment":[{"href":"https:\/\/centers.ulbsibiu.ro\/ccsprise\/lact\/wp-json\/wp\/v2\/media?parent=4236"}],"wp:term":[{"taxonomy":"category","embeddable":true,"href":"https:\/\/centers.ulbsibiu.ro\/ccsprise\/lact\/wp-json\/wp\/v2\/categories?post=4236"},{"taxonomy":"post_tag","embeddable":true,"href":"https:\/\/centers.ulbsibiu.ro\/ccsprise\/lact\/wp-json\/wp\/v2\/tags?post=4236"}],"curies":[{"name":"wp","href":"https:\/\/api.w.org\/{rel}","templated":true}]}}