{"id":4230,"date":"2018-02-09T14:30:37","date_gmt":"2018-02-09T12:30:37","guid":{"rendered":"https:\/\/centers.ulbsibiu.ro\/ccsprise\/lact\/?p=4230"},"modified":"2018-02-09T14:30:37","modified_gmt":"2018-02-09T12:30:37","slug":"gov-md-discutia-constructiva-in-cadrul-sedintei-comisiei-unificate-de-control-a-fost-blocata-de-catre-delegatia-transnistreana","status":"publish","type":"post","link":"https:\/\/centers.ulbsibiu.ro\/ccsprise\/lact\/gov-md-discutia-constructiva-in-cadrul-sedintei-comisiei-unificate-de-control-a-fost-blocata-de-catre-delegatia-transnistreana\/","title":{"rendered":"Gov.md &#8211; Discu\u021bia constructiv\u0103 \u00een cadrul \u0219edin\u021bei Comisiei Unificate de Control a fost blocat\u0103 de c\u0103tre delega\u021bia transnistrean\u0103"},"content":{"rendered":"<p>La 8 februarie curent, \u00een or. Bender, Comisia Unificat\u0103 de Control s-a \u00eentrunit \u00eentr-o \u0219edin\u021b\u0103 condus\u0103 de delega\u0163ia Federa\u021biei Ruse.<\/p>\n<p>Dup\u0103 cum s-a convenit anterior, pe agend\u0103 a fost pus subiectul privind activit\u0103\u021bile Comisiei Unificate de Control \u0219i Comandamentului Militar \u00centrunit \u00een leg\u0103tur\u0103 cu redeschiderea, la 18 noiembrie 2017, a podului din preajma satelor Gura B\u00e2cului \u0219i B\u00e2cioc s\u0103 fie monitorizate doar de c\u0103tre participan\u021bii opera\u021biunii de pacificare de pe r. Nistru (Federa\u021bia Rus\u0103, Ucraina, OSCE).<\/p>\n<p>\u00cen cadrul \u0219edin\u021bei majoritatea componentelor Comisiei au prezentat propuneri rezonabile menite s\u0103 contribuie la adoptarea unei decizii comune pentru identificarea solu\u021biilor \u00een problema vizat\u0103.<\/p>\n<p>Ca urmare a discu\u021biilor destul de \u00eendelungate, \u00een pofida eforturilor depuse \u0219i argumentelor aduse de membrii delega\u021biilor Federa\u021biei Ruse \u0219i Republicii Moldova, de reprezentan\u021bii Ucrainei \u0219i Misiunii OSCE \u00een Republica Moldova, delega\u021bia Tiraspolului s-a opus categoric proiectului deciziei sus\u021binut unanim de c\u0103tre ceilal\u021bi participan\u021bi la \u0219edin\u021b\u0103.<\/p>\n<p>Astfel, delega\u021bia Tiraspolului nu a dorit s\u0103 accepte ca activitatea posturilor structurilor de for\u021b\u0103 \u0219i a organelor de drept \u00een adiacentul podului \u201eGura B\u00e2cului &#8211;\u00a0 B\u00e2cioc\u201d s\u0103 fie monitorizat\u0103 doar de c\u0103tre reprezentan\u021bii intermediarilor \u00een procesul de negocieri pentru reglementarea transnistrean\u0103 (Federa\u021bia Rus\u0103, Ucraina \u0219i OSCE), f\u0103r\u0103 implicarea Chi\u0219in\u0103ului \u0219i Tiraspolului. Propunerea respectiv\u0103 a fost formulat\u0103 de c\u0103tre delega\u021biile Republicii Moldova \u0219i Federa\u021biei Ruse \u0219i agreat\u0103 de reprezentan\u021bii Ucrainei \u0219i OSCE.<\/p>\n<p>Pentru a-\u0219i justifica pozi\u021bia neproductiv\u0103, Oleg Beleakov, conduc\u0103torul delega\u021biei transnistrene a invocat, de o manier\u0103 devenit\u0103 deja tradi\u021bional\u0103, motive irelevante, distorsionate, rupte de realitate \u0219i nefondate.<\/p>\n<p>De notat c\u0103, potrivit Regulamentului Comisiei Unificate de Control din 8 aprilie 2003, deciziile \u00een cadrul Comisiei se adopt\u0103 pe baz\u0103 de consens.<\/p>\n<p>\u00cen lipsa consensului, \u0219edin\u021ba Comisiei Unificate de Control a fost \u00eentrerupt\u0103 \u0219i va continua pe data de 15 februarie 2018.<\/p>\n<p>&nbsp;<\/p>\n<p><strong>Delega\u021bia Republicii Moldova\u00a0<\/strong><strong>\u00een Comisia Unificat\u0103 de Control<\/strong><\/p>\n<p>&nbsp;<\/p>\n<p>Sursa:<\/p>\n<p><a href=\"http:\/\/gov.md\/ro\/content\/discutia-constructiva-cadrul-sedintei-comisiei-unificate-de-control-fost-blocata-de-catre\">http:\/\/gov.md\/ro\/content\/discutia-constructiva-cadrul-sedintei-comisiei-unificate-de-control-fost-blocata-de-catre<\/a><\/p>\n","protected":false},"excerpt":{"rendered":"<p>La 8 februarie curent, \u00een or. Bender, Comisia Unificat\u0103 de Control s-a \u00eentrunit \u00eentr-o \u0219edin\u021b\u0103 condus\u0103 de delega\u0163ia Federa\u021biei Ruse. Dup\u0103 cum s-a convenit anterior, pe agend\u0103 a fost pus subiectul privind activit\u0103\u021bile Comisiei Unificate de Control \u0219i Comandamentului Militar \u00centrunit \u00een leg\u0103tur\u0103 cu redeschiderea, la 18 noiembrie 2017, a podului din preajma satelor Gura&#8230;<\/p>\n","protected":false},"author":2,"featured_media":0,"comment_status":"closed","ping_status":"open","sticky":false,"template":"","format":"standard","meta":[],"categories":[1],"tags":[],"_links":{"self":[{"href":"https:\/\/centers.ulbsibiu.ro\/ccsprise\/lact\/wp-json\/wp\/v2\/posts\/4230"}],"collection":[{"href":"https:\/\/centers.ulbsibiu.ro\/ccsprise\/lact\/wp-json\/wp\/v2\/posts"}],"about":[{"href":"https:\/\/centers.ulbsibiu.ro\/ccsprise\/lact\/wp-json\/wp\/v2\/types\/post"}],"author":[{"embeddable":true,"href":"https:\/\/centers.ulbsibiu.ro\/ccsprise\/lact\/wp-json\/wp\/v2\/users\/2"}],"replies":[{"embeddable":true,"href":"https:\/\/centers.ulbsibiu.ro\/ccsprise\/lact\/wp-json\/wp\/v2\/comments?post=4230"}],"version-history":[{"count":1,"href":"https:\/\/centers.ulbsibiu.ro\/ccsprise\/lact\/wp-json\/wp\/v2\/posts\/4230\/revisions"}],"predecessor-version":[{"id":4231,"href":"https:\/\/centers.ulbsibiu.ro\/ccsprise\/lact\/wp-json\/wp\/v2\/posts\/4230\/revisions\/4231"}],"wp:attachment":[{"href":"https:\/\/centers.ulbsibiu.ro\/ccsprise\/lact\/wp-json\/wp\/v2\/media?parent=4230"}],"wp:term":[{"taxonomy":"category","embeddable":true,"href":"https:\/\/centers.ulbsibiu.ro\/ccsprise\/lact\/wp-json\/wp\/v2\/categories?post=4230"},{"taxonomy":"post_tag","embeddable":true,"href":"https:\/\/centers.ulbsibiu.ro\/ccsprise\/lact\/wp-json\/wp\/v2\/tags?post=4230"}],"curies":[{"name":"wp","href":"https:\/\/api.w.org\/{rel}","templated":true}]}}